{"id":1671,"date":"2021-09-22T15:19:31","date_gmt":"2021-09-22T18:19:31","guid":{"rendered":"https:\/\/diariosantacruz.com.ar\/?p=1671"},"modified":"2021-09-22T15:19:33","modified_gmt":"2021-09-22T18:19:33","slug":"asumio-jorge-ferreyra-como-ministro-de-desarrollo-social-de-santa-cruz","status":"publish","type":"post","link":"https:\/\/www.diariosantacruz.com.ar\/?p=1671","title":{"rendered":"Asumi\u00f3 Jorge Ferreyra como Ministro de Desarrollo Social de Santa Cruz"},"content":{"rendered":"\n<h2 class=\"wp-block-heading\">La gobernadora Alicia Kirchner puso en funciones a Jorge Ferreyra como titular del Ministerio de Desarrollo Social, quien se desempe\u00f1\u00f3 hasta hace algunos d\u00edas como secretario de Dispositivos Territoriales. La ceremonia tuvo lugar en Casa de Gobierno. <\/h2>\n\n\n\n<h2 class=\"wp-block-heading\"><\/h2>\n\n\n\n<p class=\"has-medium-font-size wp-block-paragraph\">El recientemente designado Ministro de Desarrollo Social, se\u00f1al\u00f3 que la primera mandataria provincial le encomend\u00f3 la tarea de fortalecer la labor y acciones en el territorio, acompa\u00f1ando de manera permanente a los santacruce\u00f1os y santacruce\u00f1as. A la vez, manifest\u00f3 que \u201cAlicia destac\u00f3 que los intendentes piden fortalecer el territorio y as\u00ed lo tenemos que hacer\u201d.<\/p>\n\n\n\n<p class=\"has-medium-font-size wp-block-paragraph\">Al finalizar la reuni\u00f3n con la Gobernadora solicit\u00f3 a los ministros y ministras redoblar esfuerzo por Santa Cruz.<\/p>\n\n\n\n<p class=\"has-medium-font-size wp-block-paragraph\">Acompa\u00f1aron a la gobernadora durante el encuentro, la ministra de la Producci\u00f3n, Comercio e Industria, Silvina C\u00f3rdoba; el ministro de Salud y Ambiente, Claudio Garc\u00eda; la presidenta del Consejo Provincial de Educaci\u00f3n, Mar\u00eda Cecilia Vel\u00e1zquez; el ministro de Gobierno, Leandro Zuliani; el ministro de Trabajo, Empleo y Seguridad Social, Teodoro Camino; la ministra Secretaria General de la Gobernaci\u00f3n, Claudia Mart\u00ednez; el fiscal de Estado, Fernando Tanarro y el secretario de Legal y T\u00e9cnica, Sergio Sep\u00falveda.<\/p>\n\n\n\n<figure class=\"wp-block-image size-large\"><img loading=\"lazy\" decoding=\"async\" width=\"1024\" height=\"683\" src=\"https:\/\/diariosantacruz.com.ar\/wp-content\/uploads\/2021\/09\/21092021_Gob_Jura_ministro_desarrollo_-5-1024x683.jpg\" alt=\"\" class=\"wp-image-1673\" srcset=\"https:\/\/www.diariosantacruz.com.ar\/wp-content\/uploads\/2021\/09\/21092021_Gob_Jura_ministro_desarrollo_-5-1024x683.jpg 1024w, https:\/\/www.diariosantacruz.com.ar\/wp-content\/uploads\/2021\/09\/21092021_Gob_Jura_ministro_desarrollo_-5-300x200.jpg 300w, https:\/\/www.diariosantacruz.com.ar\/wp-content\/uploads\/2021\/09\/21092021_Gob_Jura_ministro_desarrollo_-5-768x512.jpg 768w, https:\/\/www.diariosantacruz.com.ar\/wp-content\/uploads\/2021\/09\/21092021_Gob_Jura_ministro_desarrollo_-5-1536x1024.jpg 1536w, https:\/\/www.diariosantacruz.com.ar\/wp-content\/uploads\/2021\/09\/21092021_Gob_Jura_ministro_desarrollo_-5.jpg 1875w\" sizes=\"auto, (max-width: 1024px) 100vw, 1024px\" \/><\/figure>\n\n\n\n<p class=\"has-medium-font-size wp-block-paragraph\">El cargo que hasta hace unos d\u00edas desempe\u00f1aba Ferreyra ser\u00e1 ocupado por Agostina Mora quien estuvo en la Secretar\u00eda de Estado de Desarrollo Local y Econom\u00eda Social, dependiente de la Cartera Social Provincial.<\/p>\n\n\n\n<p class=\"has-medium-font-size wp-block-paragraph\">Por otra parte, la Gobernadora anunci\u00f3 que B\u00e1rbara Weinzettel se incorporar\u00e1 al Ministerio de Salud y Ambiente.<\/p>\n\n\n\n<figure class=\"wp-block-image size-large\"><img loading=\"lazy\" decoding=\"async\" width=\"1024\" height=\"683\" src=\"https:\/\/diariosantacruz.com.ar\/wp-content\/uploads\/2021\/09\/21092021_Gob_Jura_ministro_desarrollo_-4-1024x683.jpg\" alt=\"\" class=\"wp-image-1672\" srcset=\"https:\/\/www.diariosantacruz.com.ar\/wp-content\/uploads\/2021\/09\/21092021_Gob_Jura_ministro_desarrollo_-4-1024x683.jpg 1024w, https:\/\/www.diariosantacruz.com.ar\/wp-content\/uploads\/2021\/09\/21092021_Gob_Jura_ministro_desarrollo_-4-300x200.jpg 300w, https:\/\/www.diariosantacruz.com.ar\/wp-content\/uploads\/2021\/09\/21092021_Gob_Jura_ministro_desarrollo_-4-768x512.jpg 768w, https:\/\/www.diariosantacruz.com.ar\/wp-content\/uploads\/2021\/09\/21092021_Gob_Jura_ministro_desarrollo_-4-1536x1024.jpg 1536w, https:\/\/www.diariosantacruz.com.ar\/wp-content\/uploads\/2021\/09\/21092021_Gob_Jura_ministro_desarrollo_-4.jpg 1875w\" sizes=\"auto, (max-width: 1024px) 100vw, 1024px\" \/><\/figure>\n\n\n\n<p class=\"wp-block-paragraph\"><\/p>\n","protected":false},"excerpt":{"rendered":"<p>La gobernadora Alicia Kirchner puso en funciones a Jorge Ferreyra como titular del Ministerio de<\/p>\n","protected":false},"author":2,"featured_media":1673,"comment_status":"open","ping_status":"open","sticky":false,"template":"","format":"standard","meta":{"_monsterinsights_skip_tracking":false,"footnotes":""},"categories":[27],"tags":[394],"class_list":["post-1671","post","type-post","status-publish","format-standard","has-post-thumbnail","hentry","category-sociedad","tag-jorge-ferreyra"],"aioseo_notices":[],"aioseo_head":"\n\t\t<!-- All in One SEO 4.9.8 - aioseo.com -->\n\t<meta name=\"description\" content=\"La gobernadora Alicia Kirchner puso en funciones a Jorge Ferreyra como titular del Ministerio de Desarrollo Social, quien se desempe\u00f1\u00f3 hasta hace algunos d\u00edas como secretario de Dispositivos Territoriales. La ceremonia tuvo lugar en Casa de Gobierno. El recientemente designado Ministro de Desarrollo Social, se\u00f1al\u00f3 que la primera mandataria provincial le encomend\u00f3 la tarea de\" \/>\n\t<meta name=\"robots\" content=\"max-image-preview:large\" \/>\n\t<meta name=\"author\" content=\"corresponsal\"\/>\n\t<link rel=\"canonical\" href=\"https:\/\/www.diariosantacruz.com.ar\/?p=1671\" \/>\n\t<meta name=\"generator\" content=\"All in One SEO (AIOSEO) 4.9.8\" \/>\n\t\t<meta property=\"og:locale\" content=\"es_ES\" \/>\n\t\t<meta property=\"og:site_name\" content=\"Diario Santa Cruz - Portal de Noticias de Santa Cruz\" \/>\n\t\t<meta property=\"og:type\" content=\"article\" \/>\n\t\t<meta property=\"og:title\" content=\"Asumi\u00f3 Jorge Ferreyra como Ministro de Desarrollo Social de Santa Cruz - Diario Santa Cruz\" \/>\n\t\t<meta property=\"og:description\" content=\"La gobernadora Alicia Kirchner puso en funciones a Jorge Ferreyra como titular del Ministerio de Desarrollo Social, quien se desempe\u00f1\u00f3 hasta hace algunos d\u00edas como secretario de Dispositivos Territoriales. La ceremonia tuvo lugar en Casa de Gobierno. El recientemente designado Ministro de Desarrollo Social, se\u00f1al\u00f3 que la primera mandataria provincial le encomend\u00f3 la tarea de\" \/>\n\t\t<meta property=\"og:url\" content=\"https:\/\/www.diariosantacruz.com.ar\/?p=1671\" \/>\n\t\t<meta property=\"article:published_time\" content=\"2021-09-22T18:19:31+00:00\" \/>\n\t\t<meta property=\"article:modified_time\" content=\"2021-09-22T18:19:33+00:00\" \/>\n\t\t<meta property=\"article:publisher\" content=\"https:\/\/www.facebook.com\/Diario-Santa-Cruz-144392651098710\" \/>\n\t\t<meta name=\"twitter:card\" content=\"summary\" \/>\n\t\t<meta name=\"twitter:site\" content=\"@mayorgaelio\" \/>\n\t\t<meta name=\"twitter:title\" content=\"Asumi\u00f3 Jorge Ferreyra como Ministro de Desarrollo Social de Santa Cruz - Diario Santa Cruz\" \/>\n\t\t<meta name=\"twitter:description\" content=\"La gobernadora Alicia Kirchner puso en funciones a Jorge Ferreyra como titular del Ministerio de Desarrollo Social, quien se desempe\u00f1\u00f3 hasta hace algunos d\u00edas como secretario de Dispositivos Territoriales. La ceremonia tuvo lugar en Casa de Gobierno. El recientemente designado Ministro de Desarrollo Social, se\u00f1al\u00f3 que la primera mandataria provincial le encomend\u00f3 la tarea de\" \/>\n\t\t<meta name=\"twitter:creator\" content=\"@mayorgaelio\" \/>\n\t\t<script type=\"application\/ld+json\" class=\"aioseo-schema\">\n\t\t\t{\"@context\":\"https:\\\/\\\/schema.org\",\"@graph\":[{\"@type\":\"BlogPosting\",\"@id\":\"https:\\\/\\\/www.diariosantacruz.com.ar\\\/?p=1671#blogposting\",\"name\":\"Asumi\\u00f3 Jorge Ferreyra como Ministro de Desarrollo Social de Santa Cruz - Diario Santa Cruz\",\"headline\":\"Asumi\\u00f3 Jorge Ferreyra como Ministro de Desarrollo Social de Santa Cruz\",\"author\":{\"@id\":\"https:\\\/\\\/www.diariosantacruz.com.ar\\\/?author=2#author\"},\"publisher\":{\"@id\":\"https:\\\/\\\/www.diariosantacruz.com.ar\\\/#organization\"},\"image\":{\"@type\":\"ImageObject\",\"url\":\"https:\\\/\\\/www.diariosantacruz.com.ar\\\/wp-content\\\/uploads\\\/2021\\\/09\\\/21092021_Gob_Jura_ministro_desarrollo_-5.jpg\",\"width\":1875,\"height\":1250,\"caption\":\"Jorge Ferreyra flamante Ministro de Desarrollo social de Santa Cruz\"},\"datePublished\":\"2021-09-22T15:19:31-03:00\",\"dateModified\":\"2021-09-22T15:19:33-03:00\",\"inLanguage\":\"es-ES\",\"mainEntityOfPage\":{\"@id\":\"https:\\\/\\\/www.diariosantacruz.com.ar\\\/?p=1671#webpage\"},\"isPartOf\":{\"@id\":\"https:\\\/\\\/www.diariosantacruz.com.ar\\\/?p=1671#webpage\"},\"articleSection\":\"Sociedad, JORGE FERREYRA\"},{\"@type\":\"BreadcrumbList\",\"@id\":\"https:\\\/\\\/www.diariosantacruz.com.ar\\\/?p=1671#breadcrumblist\",\"itemListElement\":[{\"@type\":\"ListItem\",\"@id\":\"https:\\\/\\\/www.diariosantacruz.com.ar#listItem\",\"position\":1,\"name\":\"Inicio\",\"item\":\"https:\\\/\\\/www.diariosantacruz.com.ar\",\"nextItem\":{\"@type\":\"ListItem\",\"@id\":\"https:\\\/\\\/www.diariosantacruz.com.ar\\\/?cat=27#listItem\",\"name\":\"Sociedad\"}},{\"@type\":\"ListItem\",\"@id\":\"https:\\\/\\\/www.diariosantacruz.com.ar\\\/?cat=27#listItem\",\"position\":2,\"name\":\"Sociedad\",\"item\":\"https:\\\/\\\/www.diariosantacruz.com.ar\\\/?cat=27\",\"nextItem\":{\"@type\":\"ListItem\",\"@id\":\"https:\\\/\\\/www.diariosantacruz.com.ar\\\/?p=1671#listItem\",\"name\":\"Asumi\\u00f3 Jorge Ferreyra como Ministro de Desarrollo Social de Santa Cruz\"},\"previousItem\":{\"@type\":\"ListItem\",\"@id\":\"https:\\\/\\\/www.diariosantacruz.com.ar#listItem\",\"name\":\"Inicio\"}},{\"@type\":\"ListItem\",\"@id\":\"https:\\\/\\\/www.diariosantacruz.com.ar\\\/?p=1671#listItem\",\"position\":3,\"name\":\"Asumi\\u00f3 Jorge Ferreyra como Ministro de Desarrollo Social de Santa Cruz\",\"previousItem\":{\"@type\":\"ListItem\",\"@id\":\"https:\\\/\\\/www.diariosantacruz.com.ar\\\/?cat=27#listItem\",\"name\":\"Sociedad\"}}]},{\"@type\":\"Organization\",\"@id\":\"https:\\\/\\\/www.diariosantacruz.com.ar\\\/#organization\",\"name\":\"Diario Santa Cruz\",\"description\":\"Portal de Noticias de Santa Cruz\",\"url\":\"https:\\\/\\\/www.diariosantacruz.com.ar\\\/\",\"sameAs\":[\"https:\\\/\\\/www.facebook.com\\\/Diario-Santa-Cruz-144392651098710\",\"https:\\\/\\\/www.twitter.com\\\/@mayorgaelio\",\"https:\\\/\\\/www.instagram.com\\\/diariosantacruz\\\/\"]},{\"@type\":\"Person\",\"@id\":\"https:\\\/\\\/www.diariosantacruz.com.ar\\\/?author=2#author\",\"url\":\"https:\\\/\\\/www.diariosantacruz.com.ar\\\/?author=2\",\"name\":\"corresponsal\",\"image\":{\"@type\":\"ImageObject\",\"@id\":\"https:\\\/\\\/www.diariosantacruz.com.ar\\\/?p=1671#authorImage\",\"url\":\"https:\\\/\\\/secure.gravatar.com\\\/avatar\\\/1a09ae462a829db06a34bd6218429bede00a69f031224cb1dd695e7e1effd620?s=96&d=mm&r=g\",\"width\":96,\"height\":96,\"caption\":\"corresponsal\"}},{\"@type\":\"WebPage\",\"@id\":\"https:\\\/\\\/www.diariosantacruz.com.ar\\\/?p=1671#webpage\",\"url\":\"https:\\\/\\\/www.diariosantacruz.com.ar\\\/?p=1671\",\"name\":\"Asumi\\u00f3 Jorge Ferreyra como Ministro de Desarrollo Social de Santa Cruz - Diario Santa Cruz\",\"description\":\"La gobernadora Alicia Kirchner puso en funciones a Jorge Ferreyra como titular del Ministerio de Desarrollo Social, quien se desempe\\u00f1\\u00f3 hasta hace algunos d\\u00edas como secretario de Dispositivos Territoriales. La ceremonia tuvo lugar en Casa de Gobierno. El recientemente designado Ministro de Desarrollo Social, se\\u00f1al\\u00f3 que la primera mandataria provincial le encomend\\u00f3 la tarea de\",\"inLanguage\":\"es-ES\",\"isPartOf\":{\"@id\":\"https:\\\/\\\/www.diariosantacruz.com.ar\\\/#website\"},\"breadcrumb\":{\"@id\":\"https:\\\/\\\/www.diariosantacruz.com.ar\\\/?p=1671#breadcrumblist\"},\"author\":{\"@id\":\"https:\\\/\\\/www.diariosantacruz.com.ar\\\/?author=2#author\"},\"creator\":{\"@id\":\"https:\\\/\\\/www.diariosantacruz.com.ar\\\/?author=2#author\"},\"image\":{\"@type\":\"ImageObject\",\"url\":\"https:\\\/\\\/www.diariosantacruz.com.ar\\\/wp-content\\\/uploads\\\/2021\\\/09\\\/21092021_Gob_Jura_ministro_desarrollo_-5.jpg\",\"@id\":\"https:\\\/\\\/www.diariosantacruz.com.ar\\\/?p=1671\\\/#mainImage\",\"width\":1875,\"height\":1250,\"caption\":\"Jorge Ferreyra flamante Ministro de Desarrollo social de Santa Cruz\"},\"primaryImageOfPage\":{\"@id\":\"https:\\\/\\\/www.diariosantacruz.com.ar\\\/?p=1671#mainImage\"},\"datePublished\":\"2021-09-22T15:19:31-03:00\",\"dateModified\":\"2021-09-22T15:19:33-03:00\"},{\"@type\":\"WebSite\",\"@id\":\"https:\\\/\\\/www.diariosantacruz.com.ar\\\/#website\",\"url\":\"https:\\\/\\\/www.diariosantacruz.com.ar\\\/\",\"name\":\"Diario Santa Cruz\",\"description\":\"Portal de Noticias de Santa Cruz\",\"inLanguage\":\"es-ES\",\"publisher\":{\"@id\":\"https:\\\/\\\/www.diariosantacruz.com.ar\\\/#organization\"}}]}\n\t\t<\/script>\n\t\t<!-- All in One SEO -->\n\n","aioseo_head_json":{"title":"Asumi\u00f3 Jorge Ferreyra como Ministro de Desarrollo Social de Santa Cruz - Diario Santa Cruz","description":"La gobernadora Alicia Kirchner puso en funciones a Jorge Ferreyra como titular del Ministerio de Desarrollo Social, quien se desempe\u00f1\u00f3 hasta hace algunos d\u00edas como secretario de Dispositivos Territoriales. La ceremonia tuvo lugar en Casa de Gobierno. El recientemente designado Ministro de Desarrollo Social, se\u00f1al\u00f3 que la primera mandataria provincial le encomend\u00f3 la tarea de","canonical_url":"https:\/\/www.diariosantacruz.com.ar\/?p=1671","robots":"max-image-preview:large","keywords":"","webmasterTools":{"miscellaneous":""},"schema":{"@context":"https:\/\/schema.org","@graph":[{"@type":"BlogPosting","@id":"https:\/\/www.diariosantacruz.com.ar\/?p=1671#blogposting","name":"Asumi\u00f3 Jorge Ferreyra como Ministro de Desarrollo Social de Santa Cruz - Diario Santa Cruz","headline":"Asumi\u00f3 Jorge Ferreyra como Ministro de Desarrollo Social de Santa Cruz","author":{"@id":"https:\/\/www.diariosantacruz.com.ar\/?author=2#author"},"publisher":{"@id":"https:\/\/www.diariosantacruz.com.ar\/#organization"},"image":{"@type":"ImageObject","url":"https:\/\/www.diariosantacruz.com.ar\/wp-content\/uploads\/2021\/09\/21092021_Gob_Jura_ministro_desarrollo_-5.jpg","width":1875,"height":1250,"caption":"Jorge Ferreyra flamante Ministro de Desarrollo social de Santa Cruz"},"datePublished":"2021-09-22T15:19:31-03:00","dateModified":"2021-09-22T15:19:33-03:00","inLanguage":"es-ES","mainEntityOfPage":{"@id":"https:\/\/www.diariosantacruz.com.ar\/?p=1671#webpage"},"isPartOf":{"@id":"https:\/\/www.diariosantacruz.com.ar\/?p=1671#webpage"},"articleSection":"Sociedad, JORGE FERREYRA"},{"@type":"BreadcrumbList","@id":"https:\/\/www.diariosantacruz.com.ar\/?p=1671#breadcrumblist","itemListElement":[{"@type":"ListItem","@id":"https:\/\/www.diariosantacruz.com.ar#listItem","position":1,"name":"Inicio","item":"https:\/\/www.diariosantacruz.com.ar","nextItem":{"@type":"ListItem","@id":"https:\/\/www.diariosantacruz.com.ar\/?cat=27#listItem","name":"Sociedad"}},{"@type":"ListItem","@id":"https:\/\/www.diariosantacruz.com.ar\/?cat=27#listItem","position":2,"name":"Sociedad","item":"https:\/\/www.diariosantacruz.com.ar\/?cat=27","nextItem":{"@type":"ListItem","@id":"https:\/\/www.diariosantacruz.com.ar\/?p=1671#listItem","name":"Asumi\u00f3 Jorge Ferreyra como Ministro de Desarrollo Social de Santa Cruz"},"previousItem":{"@type":"ListItem","@id":"https:\/\/www.diariosantacruz.com.ar#listItem","name":"Inicio"}},{"@type":"ListItem","@id":"https:\/\/www.diariosantacruz.com.ar\/?p=1671#listItem","position":3,"name":"Asumi\u00f3 Jorge Ferreyra como Ministro de Desarrollo Social de Santa Cruz","previousItem":{"@type":"ListItem","@id":"https:\/\/www.diariosantacruz.com.ar\/?cat=27#listItem","name":"Sociedad"}}]},{"@type":"Organization","@id":"https:\/\/www.diariosantacruz.com.ar\/#organization","name":"Diario Santa Cruz","description":"Portal de Noticias de Santa Cruz","url":"https:\/\/www.diariosantacruz.com.ar\/","sameAs":["https:\/\/www.facebook.com\/Diario-Santa-Cruz-144392651098710","https:\/\/www.twitter.com\/@mayorgaelio","https:\/\/www.instagram.com\/diariosantacruz\/"]},{"@type":"Person","@id":"https:\/\/www.diariosantacruz.com.ar\/?author=2#author","url":"https:\/\/www.diariosantacruz.com.ar\/?author=2","name":"corresponsal","image":{"@type":"ImageObject","@id":"https:\/\/www.diariosantacruz.com.ar\/?p=1671#authorImage","url":"https:\/\/secure.gravatar.com\/avatar\/1a09ae462a829db06a34bd6218429bede00a69f031224cb1dd695e7e1effd620?s=96&d=mm&r=g","width":96,"height":96,"caption":"corresponsal"}},{"@type":"WebPage","@id":"https:\/\/www.diariosantacruz.com.ar\/?p=1671#webpage","url":"https:\/\/www.diariosantacruz.com.ar\/?p=1671","name":"Asumi\u00f3 Jorge Ferreyra como Ministro de Desarrollo Social de Santa Cruz - Diario Santa Cruz","description":"La gobernadora Alicia Kirchner puso en funciones a Jorge Ferreyra como titular del Ministerio de Desarrollo Social, quien se desempe\u00f1\u00f3 hasta hace algunos d\u00edas como secretario de Dispositivos Territoriales. La ceremonia tuvo lugar en Casa de Gobierno. El recientemente designado Ministro de Desarrollo Social, se\u00f1al\u00f3 que la primera mandataria provincial le encomend\u00f3 la tarea de","inLanguage":"es-ES","isPartOf":{"@id":"https:\/\/www.diariosantacruz.com.ar\/#website"},"breadcrumb":{"@id":"https:\/\/www.diariosantacruz.com.ar\/?p=1671#breadcrumblist"},"author":{"@id":"https:\/\/www.diariosantacruz.com.ar\/?author=2#author"},"creator":{"@id":"https:\/\/www.diariosantacruz.com.ar\/?author=2#author"},"image":{"@type":"ImageObject","url":"https:\/\/www.diariosantacruz.com.ar\/wp-content\/uploads\/2021\/09\/21092021_Gob_Jura_ministro_desarrollo_-5.jpg","@id":"https:\/\/www.diariosantacruz.com.ar\/?p=1671\/#mainImage","width":1875,"height":1250,"caption":"Jorge Ferreyra flamante Ministro de Desarrollo social de Santa Cruz"},"primaryImageOfPage":{"@id":"https:\/\/www.diariosantacruz.com.ar\/?p=1671#mainImage"},"datePublished":"2021-09-22T15:19:31-03:00","dateModified":"2021-09-22T15:19:33-03:00"},{"@type":"WebSite","@id":"https:\/\/www.diariosantacruz.com.ar\/#website","url":"https:\/\/www.diariosantacruz.com.ar\/","name":"Diario Santa Cruz","description":"Portal de Noticias de Santa Cruz","inLanguage":"es-ES","publisher":{"@id":"https:\/\/www.diariosantacruz.com.ar\/#organization"}}]},"og:locale":"es_ES","og:site_name":"Diario Santa Cruz - Portal de Noticias de Santa Cruz","og:type":"article","og:title":"Asumi\u00f3 Jorge Ferreyra como Ministro de Desarrollo Social de Santa Cruz - Diario Santa Cruz","og:description":"La gobernadora Alicia Kirchner puso en funciones a Jorge Ferreyra como titular del Ministerio de Desarrollo Social, quien se desempe\u00f1\u00f3 hasta hace algunos d\u00edas como secretario de Dispositivos Territoriales. La ceremonia tuvo lugar en Casa de Gobierno. El recientemente designado Ministro de Desarrollo Social, se\u00f1al\u00f3 que la primera mandataria provincial le encomend\u00f3 la tarea de","og:url":"https:\/\/www.diariosantacruz.com.ar\/?p=1671","article:published_time":"2021-09-22T18:19:31+00:00","article:modified_time":"2021-09-22T18:19:33+00:00","article:publisher":"https:\/\/www.facebook.com\/Diario-Santa-Cruz-144392651098710","twitter:card":"summary","twitter:site":"@mayorgaelio","twitter:title":"Asumi\u00f3 Jorge Ferreyra como Ministro de Desarrollo Social de Santa Cruz - Diario Santa Cruz","twitter:description":"La gobernadora Alicia Kirchner puso en funciones a Jorge Ferreyra como titular del Ministerio de Desarrollo Social, quien se desempe\u00f1\u00f3 hasta hace algunos d\u00edas como secretario de Dispositivos Territoriales. La ceremonia tuvo lugar en Casa de Gobierno. El recientemente designado Ministro de Desarrollo Social, se\u00f1al\u00f3 que la primera mandataria provincial le encomend\u00f3 la tarea de","twitter:creator":"@mayorgaelio"},"aioseo_meta_data":{"post_id":"1671","title":"#post_title #separator_sa #site_title","description":"#post_excerpt","keywords":[],"keyphrases":{"focus":[],"additional":[]},"primary_term":null,"canonical_url":null,"og_title":null,"og_description":null,"og_object_type":"default","og_image_type":"default","og_image_url":null,"og_image_width":null,"og_image_height":null,"og_image_custom_url":null,"og_image_custom_fields":null,"og_video":"","og_custom_url":null,"og_article_section":null,"og_article_tags":[],"twitter_use_og":false,"twitter_card":"default","twitter_image_type":"default","twitter_image_url":null,"twitter_image_custom_url":null,"twitter_image_custom_fields":null,"twitter_title":null,"twitter_description":null,"schema":{"blockGraphs":[],"customGraphs":[],"default":{"data":{"Article":[],"Course":[],"Dataset":[],"FAQPage":[],"Movie":[],"Person":[],"Product":[],"ProductReview":[],"Car":[],"Recipe":[],"Service":[],"SoftwareApplication":[],"WebPage":[]},"graphName":"","isEnabled":true},"graphs":[]},"schema_type":"default","schema_type_options":"{\"article\":{\"articleType\":\"BlogPosting\"},\"course\":{\"name\":\"\",\"description\":\"\",\"provider\":\"\"},\"faq\":{\"pages\":[]},\"product\":{\"reviews\":[]},\"recipe\":{\"ingredients\":[],\"instructions\":[],\"keywords\":[]},\"software\":{\"reviews\":[],\"operatingSystems\":[]},\"webPage\":{\"webPageType\":\"WebPage\"}}","pillar_content":false,"robots_default":true,"robots_noindex":false,"robots_noarchive":false,"robots_nosnippet":false,"robots_nofollow":false,"robots_noimageindex":false,"robots_noodp":false,"robots_notranslate":false,"robots_max_snippet":"-1","robots_max_videopreview":"-1","robots_max_imagepreview":"large","priority":null,"frequency":"default","local_seo":null,"breadcrumb_settings":null,"limit_modified_date":false,"ai":null,"created":"2021-09-22 18:19:33","updated":"2025-06-04 23:41:51","seo_analyzer_scan_date":null},"aioseo_breadcrumb":"<div class=\"aioseo-breadcrumbs\"><span class=\"aioseo-breadcrumb\">\n\t\t\t<a href=\"https:\/\/www.diariosantacruz.com.ar\" title=\"Inicio\">Inicio<\/a>\n\t\t<\/span><span class=\"aioseo-breadcrumb-separator\">&raquo;<\/span><span class=\"aioseo-breadcrumb\">\n\t\t\t<a href=\"https:\/\/www.diariosantacruz.com.ar\/?cat=27\" title=\"Sociedad\">Sociedad<\/a>\n\t\t<\/span><span class=\"aioseo-breadcrumb-separator\">&raquo;<\/span><span class=\"aioseo-breadcrumb\">\n\t\t\tAsumi\u00f3 Jorge Ferreyra como Ministro de Desarrollo Social de Santa Cruz\n\t\t<\/span><\/div>","aioseo_breadcrumb_json":[{"label":"Inicio","link":"https:\/\/www.diariosantacruz.com.ar"},{"label":"Sociedad","link":"https:\/\/www.diariosantacruz.com.ar\/?cat=27"},{"label":"Asumi\u00f3 Jorge Ferreyra como Ministro de Desarrollo Social de Santa Cruz","link":"https:\/\/www.diariosantacruz.com.ar\/?p=1671"}],"_links":{"self":[{"href":"https:\/\/www.diariosantacruz.com.ar\/index.php?rest_route=\/wp\/v2\/posts\/1671","targetHints":{"allow":["GET"]}}],"collection":[{"href":"https:\/\/www.diariosantacruz.com.ar\/index.php?rest_route=\/wp\/v2\/posts"}],"about":[{"href":"https:\/\/www.diariosantacruz.com.ar\/index.php?rest_route=\/wp\/v2\/types\/post"}],"author":[{"embeddable":true,"href":"https:\/\/www.diariosantacruz.com.ar\/index.php?rest_route=\/wp\/v2\/users\/2"}],"replies":[{"embeddable":true,"href":"https:\/\/www.diariosantacruz.com.ar\/index.php?rest_route=%2Fwp%2Fv2%2Fcomments&post=1671"}],"version-history":[{"count":1,"href":"https:\/\/www.diariosantacruz.com.ar\/index.php?rest_route=\/wp\/v2\/posts\/1671\/revisions"}],"predecessor-version":[{"id":1674,"href":"https:\/\/www.diariosantacruz.com.ar\/index.php?rest_route=\/wp\/v2\/posts\/1671\/revisions\/1674"}],"wp:featuredmedia":[{"embeddable":true,"href":"https:\/\/www.diariosantacruz.com.ar\/index.php?rest_route=\/wp\/v2\/media\/1673"}],"wp:attachment":[{"href":"https:\/\/www.diariosantacruz.com.ar\/index.php?rest_route=%2Fwp%2Fv2%2Fmedia&parent=1671"}],"wp:term":[{"taxonomy":"category","embeddable":true,"href":"https:\/\/www.diariosantacruz.com.ar\/index.php?rest_route=%2Fwp%2Fv2%2Fcategories&post=1671"},{"taxonomy":"post_tag","embeddable":true,"href":"https:\/\/www.diariosantacruz.com.ar\/index.php?rest_route=%2Fwp%2Fv2%2Ftags&post=1671"}],"curies":[{"name":"wp","href":"https:\/\/api.w.org\/{rel}","templated":true}]}}