{"id":1985,"date":"2021-10-26T23:01:52","date_gmt":"2021-10-27T02:01:52","guid":{"rendered":"https:\/\/diariosantacruz.com.ar\/?p=1985"},"modified":"2021-10-26T23:01:54","modified_gmt":"2021-10-27T02:01:54","slug":"petroleros-privados-realizo-una-medida-de-fuerza-en-las-puertas-de-fomicruz-s-e","status":"publish","type":"post","link":"https:\/\/www.diariosantacruz.com.ar\/?p=1985","title":{"rendered":"Petroleros Privados realizo una medida de fuerza en las puertas de Fomicruz S.E."},"content":{"rendered":"\n<h2 class=\"wp-block-heading\">El Sindicato Petrolero y Gas Privado de Santa Cruz, realizo un reclamo en las puertas de Fomicruz S.E. la medida se relaciona directamente con la falta de inversi\u00f3n y los problemas ya denunciados en el Yacimiento El Mosquito operado por la empresa Servicom.<\/h2>\n\n\n\n<p class=\"wp-block-paragraph\">Fernando Carabajal, integrante de la Comisi\u00f3n Directiva, dio detalles de la medida adoptada por los trabajadores:<\/p>\n\n\n\n<p class=\"wp-block-paragraph\">\u201cEstamos realizando esta medida, porque El presidente de Fomicruz Esteban Tejada no cumpli\u00f3 con los plazos que se hab\u00edan acordado, tampoco pudimos visualizar ninguna mejora, por eso nuevamente tuvimos que venir ac\u00e1 a las puertas de Fomicruz, para que agilicen y cumplan con lo pactado en su momento, para pode llevar tranquilidad a los trabajadores que se desempe\u00f1an en el Yacimiento \u201cDel Mosquito\u201d, un yacimiento activo, como as\u00ed tambi\u00e9n los compa\u00f1eros que est\u00e1n trabajando en los otros 4 pozos, de los cuales solo hay 2 activos\u201d.<\/p>\n\n\n\n<p class=\"wp-block-paragraph\">\u201cEl punto clave, es la falta de inversi\u00f3n\u201d Se\u00f1al\u00f3 Carabajal, en di\u00e1logo con el Programa CADA MA\u00d1ANA, que se emite por la 94.7 FM ENERG\u00cdA, qui\u00e9n adem\u00e1s indic\u00f3:<\/p>\n\n\n\n<p class=\"wp-block-paragraph\">\u201cFomicruz ni siquiera cumpli\u00f3 con los arreglos solicitados, en producci\u00f3n, en ca\u00f1er\u00edas, mucho menos en la parte de los pozos, todo se esta viniendo abajo, un yacimiento que estaba en 30M c\u00fabicos, hoy apenas llega a 10M de producci\u00f3n, lamentablemente cuando dicen que es un Yacimiento escuela, no es as\u00ed, la meter\u00eda prima era tratar de reactivarlo, mejorarlo, para que sea una escuela como declama Fomicruz y el Gobierno\u201d.<\/p>\n\n\n\n<p class=\"wp-block-paragraph\">\u201cLa medida es pac\u00edfica, esperamos una respuesta del Presidente de Fomicruz Esteban Tejada, pero en el Yacimiento vamos a endurecer la medida, tambi\u00e9n por los trabajadores de la empresa Servicom que realizan el servicio en forma diaria y que hoy viven incertidumbre al ver que se est\u00e1 cayendo la producci\u00f3n y que Fomicruz no da ning\u00fan avance\u201d.<\/p>\n\n\n\n<p class=\"wp-block-paragraph\">Por otra parte el referente sostuvo: \u201cPor todo esto no nos queda otra opci\u00f3n que quedarnos en la puerta de la empresa Fomicruz, y esperar que su Presidente nos atienda y nos de fechas precisas de entrada de equipos, como as\u00ed tambi\u00e9n fecha para los trabajos que oportunamente se comprometieron y no se cumpli\u00f3\u201d. \u00a0<\/p>\n\n\n\n<figure class=\"wp-block-image size-large\"><img loading=\"lazy\" decoding=\"async\" width=\"1024\" height=\"576\" src=\"https:\/\/diariosantacruz.com.ar\/wp-content\/uploads\/2021\/10\/24724_1635288362-1024x576.jpeg\" alt=\"\" class=\"wp-image-1986\" srcset=\"https:\/\/www.diariosantacruz.com.ar\/wp-content\/uploads\/2021\/10\/24724_1635288362-1024x576.jpeg 1024w, https:\/\/www.diariosantacruz.com.ar\/wp-content\/uploads\/2021\/10\/24724_1635288362-300x169.jpeg 300w, https:\/\/www.diariosantacruz.com.ar\/wp-content\/uploads\/2021\/10\/24724_1635288362-768x432.jpeg 768w, https:\/\/www.diariosantacruz.com.ar\/wp-content\/uploads\/2021\/10\/24724_1635288362-1536x864.jpeg 1536w, https:\/\/www.diariosantacruz.com.ar\/wp-content\/uploads\/2021\/10\/24724_1635288362.jpeg 1600w\" sizes=\"auto, (max-width: 1024px) 100vw, 1024px\" \/><\/figure>\n","protected":false},"excerpt":{"rendered":"<p>El Sindicato Petrolero y Gas Privado de Santa Cruz, realizo un reclamo en las puertas<\/p>\n","protected":false},"author":2,"featured_media":1986,"comment_status":"open","ping_status":"open","sticky":false,"template":"","format":"standard","meta":{"_monsterinsights_skip_tracking":false,"footnotes":""},"categories":[27],"tags":[447],"class_list":["post-1985","post","type-post","status-publish","format-standard","has-post-thumbnail","hentry","category-sociedad","tag-sindicato-petrolero-y-gas-privado"],"aioseo_notices":[],"aioseo_head":"\n\t\t<!-- All in One SEO 4.9.8 - aioseo.com -->\n\t<meta name=\"description\" content=\"El Sindicato Petrolero y Gas Privado de Santa Cruz, realizo un reclamo en las puertas de Fomicruz S.E. la medida se relaciona directamente con la falta de inversi\u00f3n y los problemas ya denunciados en el Yacimiento El Mosquito operado por la empresa Servicom. Fernando Carabajal, integrante de la Comisi\u00f3n Directiva, dio detalles de la medida\" \/>\n\t<meta name=\"robots\" content=\"max-image-preview:large\" \/>\n\t<meta name=\"author\" content=\"corresponsal\"\/>\n\t<link rel=\"canonical\" href=\"https:\/\/www.diariosantacruz.com.ar\/?p=1985\" \/>\n\t<meta name=\"generator\" content=\"All in One SEO (AIOSEO) 4.9.8\" \/>\n\t\t<meta property=\"og:locale\" content=\"es_ES\" \/>\n\t\t<meta property=\"og:site_name\" content=\"Diario Santa Cruz - Portal de Noticias de Santa Cruz\" \/>\n\t\t<meta property=\"og:type\" content=\"article\" \/>\n\t\t<meta property=\"og:title\" content=\"Petroleros Privados realizo una medida de fuerza en las puertas de Fomicruz S.E. - Diario Santa Cruz\" \/>\n\t\t<meta property=\"og:description\" content=\"El Sindicato Petrolero y Gas Privado de Santa Cruz, realizo un reclamo en las puertas de Fomicruz S.E. la medida se relaciona directamente con la falta de inversi\u00f3n y los problemas ya denunciados en el Yacimiento El Mosquito operado por la empresa Servicom. Fernando Carabajal, integrante de la Comisi\u00f3n Directiva, dio detalles de la medida\" \/>\n\t\t<meta property=\"og:url\" content=\"https:\/\/www.diariosantacruz.com.ar\/?p=1985\" \/>\n\t\t<meta property=\"article:published_time\" content=\"2021-10-27T02:01:52+00:00\" \/>\n\t\t<meta property=\"article:modified_time\" content=\"2021-10-27T02:01:54+00:00\" \/>\n\t\t<meta property=\"article:publisher\" content=\"https:\/\/www.facebook.com\/Diario-Santa-Cruz-144392651098710\" \/>\n\t\t<meta name=\"twitter:card\" content=\"summary\" \/>\n\t\t<meta name=\"twitter:site\" content=\"@mayorgaelio\" \/>\n\t\t<meta name=\"twitter:title\" content=\"Petroleros Privados realizo una medida de fuerza en las puertas de Fomicruz S.E. - Diario Santa Cruz\" \/>\n\t\t<meta name=\"twitter:description\" content=\"El Sindicato Petrolero y Gas Privado de Santa Cruz, realizo un reclamo en las puertas de Fomicruz S.E. la medida se relaciona directamente con la falta de inversi\u00f3n y los problemas ya denunciados en el Yacimiento El Mosquito operado por la empresa Servicom. Fernando Carabajal, integrante de la Comisi\u00f3n Directiva, dio detalles de la medida\" \/>\n\t\t<meta name=\"twitter:creator\" content=\"@mayorgaelio\" \/>\n\t\t<script type=\"application\/ld+json\" class=\"aioseo-schema\">\n\t\t\t{\"@context\":\"https:\\\/\\\/schema.org\",\"@graph\":[{\"@type\":\"BlogPosting\",\"@id\":\"https:\\\/\\\/www.diariosantacruz.com.ar\\\/?p=1985#blogposting\",\"name\":\"Petroleros Privados realizo una medida de fuerza en las puertas de Fomicruz S.E. - Diario Santa Cruz\",\"headline\":\"Petroleros Privados realizo una medida de fuerza en las puertas de Fomicruz S.E.\",\"author\":{\"@id\":\"https:\\\/\\\/www.diariosantacruz.com.ar\\\/?author=2#author\"},\"publisher\":{\"@id\":\"https:\\\/\\\/www.diariosantacruz.com.ar\\\/#organization\"},\"image\":{\"@type\":\"ImageObject\",\"url\":\"https:\\\/\\\/www.diariosantacruz.com.ar\\\/wp-content\\\/uploads\\\/2021\\\/10\\\/24724_1635288362.jpeg\",\"width\":1600,\"height\":900},\"datePublished\":\"2021-10-26T23:01:52-03:00\",\"dateModified\":\"2021-10-26T23:01:54-03:00\",\"inLanguage\":\"es-ES\",\"mainEntityOfPage\":{\"@id\":\"https:\\\/\\\/www.diariosantacruz.com.ar\\\/?p=1985#webpage\"},\"isPartOf\":{\"@id\":\"https:\\\/\\\/www.diariosantacruz.com.ar\\\/?p=1985#webpage\"},\"articleSection\":\"Sociedad, SINDICATO PETROLERO Y GAS PRIVADO\"},{\"@type\":\"BreadcrumbList\",\"@id\":\"https:\\\/\\\/www.diariosantacruz.com.ar\\\/?p=1985#breadcrumblist\",\"itemListElement\":[{\"@type\":\"ListItem\",\"@id\":\"https:\\\/\\\/www.diariosantacruz.com.ar#listItem\",\"position\":1,\"name\":\"Inicio\",\"item\":\"https:\\\/\\\/www.diariosantacruz.com.ar\",\"nextItem\":{\"@type\":\"ListItem\",\"@id\":\"https:\\\/\\\/www.diariosantacruz.com.ar\\\/?cat=27#listItem\",\"name\":\"Sociedad\"}},{\"@type\":\"ListItem\",\"@id\":\"https:\\\/\\\/www.diariosantacruz.com.ar\\\/?cat=27#listItem\",\"position\":2,\"name\":\"Sociedad\",\"item\":\"https:\\\/\\\/www.diariosantacruz.com.ar\\\/?cat=27\",\"nextItem\":{\"@type\":\"ListItem\",\"@id\":\"https:\\\/\\\/www.diariosantacruz.com.ar\\\/?p=1985#listItem\",\"name\":\"Petroleros Privados realizo una medida de fuerza en las puertas de Fomicruz S.E.\"},\"previousItem\":{\"@type\":\"ListItem\",\"@id\":\"https:\\\/\\\/www.diariosantacruz.com.ar#listItem\",\"name\":\"Inicio\"}},{\"@type\":\"ListItem\",\"@id\":\"https:\\\/\\\/www.diariosantacruz.com.ar\\\/?p=1985#listItem\",\"position\":3,\"name\":\"Petroleros Privados realizo una medida de fuerza en las puertas de Fomicruz S.E.\",\"previousItem\":{\"@type\":\"ListItem\",\"@id\":\"https:\\\/\\\/www.diariosantacruz.com.ar\\\/?cat=27#listItem\",\"name\":\"Sociedad\"}}]},{\"@type\":\"Organization\",\"@id\":\"https:\\\/\\\/www.diariosantacruz.com.ar\\\/#organization\",\"name\":\"Diario Santa Cruz\",\"description\":\"Portal de Noticias de Santa Cruz\",\"url\":\"https:\\\/\\\/www.diariosantacruz.com.ar\\\/\",\"sameAs\":[\"https:\\\/\\\/www.facebook.com\\\/Diario-Santa-Cruz-144392651098710\",\"https:\\\/\\\/www.twitter.com\\\/@mayorgaelio\",\"https:\\\/\\\/www.instagram.com\\\/diariosantacruz\\\/\"]},{\"@type\":\"Person\",\"@id\":\"https:\\\/\\\/www.diariosantacruz.com.ar\\\/?author=2#author\",\"url\":\"https:\\\/\\\/www.diariosantacruz.com.ar\\\/?author=2\",\"name\":\"corresponsal\",\"image\":{\"@type\":\"ImageObject\",\"@id\":\"https:\\\/\\\/www.diariosantacruz.com.ar\\\/?p=1985#authorImage\",\"url\":\"https:\\\/\\\/secure.gravatar.com\\\/avatar\\\/1a09ae462a829db06a34bd6218429bede00a69f031224cb1dd695e7e1effd620?s=96&d=mm&r=g\",\"width\":96,\"height\":96,\"caption\":\"corresponsal\"}},{\"@type\":\"WebPage\",\"@id\":\"https:\\\/\\\/www.diariosantacruz.com.ar\\\/?p=1985#webpage\",\"url\":\"https:\\\/\\\/www.diariosantacruz.com.ar\\\/?p=1985\",\"name\":\"Petroleros Privados realizo una medida de fuerza en las puertas de Fomicruz S.E. - Diario Santa Cruz\",\"description\":\"El Sindicato Petrolero y Gas Privado de Santa Cruz, realizo un reclamo en las puertas de Fomicruz S.E. la medida se relaciona directamente con la falta de inversi\\u00f3n y los problemas ya denunciados en el Yacimiento El Mosquito operado por la empresa Servicom. Fernando Carabajal, integrante de la Comisi\\u00f3n Directiva, dio detalles de la medida\",\"inLanguage\":\"es-ES\",\"isPartOf\":{\"@id\":\"https:\\\/\\\/www.diariosantacruz.com.ar\\\/#website\"},\"breadcrumb\":{\"@id\":\"https:\\\/\\\/www.diariosantacruz.com.ar\\\/?p=1985#breadcrumblist\"},\"author\":{\"@id\":\"https:\\\/\\\/www.diariosantacruz.com.ar\\\/?author=2#author\"},\"creator\":{\"@id\":\"https:\\\/\\\/www.diariosantacruz.com.ar\\\/?author=2#author\"},\"image\":{\"@type\":\"ImageObject\",\"url\":\"https:\\\/\\\/www.diariosantacruz.com.ar\\\/wp-content\\\/uploads\\\/2021\\\/10\\\/24724_1635288362.jpeg\",\"@id\":\"https:\\\/\\\/www.diariosantacruz.com.ar\\\/?p=1985\\\/#mainImage\",\"width\":1600,\"height\":900},\"primaryImageOfPage\":{\"@id\":\"https:\\\/\\\/www.diariosantacruz.com.ar\\\/?p=1985#mainImage\"},\"datePublished\":\"2021-10-26T23:01:52-03:00\",\"dateModified\":\"2021-10-26T23:01:54-03:00\"},{\"@type\":\"WebSite\",\"@id\":\"https:\\\/\\\/www.diariosantacruz.com.ar\\\/#website\",\"url\":\"https:\\\/\\\/www.diariosantacruz.com.ar\\\/\",\"name\":\"Diario Santa Cruz\",\"description\":\"Portal de Noticias de Santa Cruz\",\"inLanguage\":\"es-ES\",\"publisher\":{\"@id\":\"https:\\\/\\\/www.diariosantacruz.com.ar\\\/#organization\"}}]}\n\t\t<\/script>\n\t\t<!-- All in One SEO -->\n\n","aioseo_head_json":{"title":"Petroleros Privados realizo una medida de fuerza en las puertas de Fomicruz S.E. - Diario Santa Cruz","description":"El Sindicato Petrolero y Gas Privado de Santa Cruz, realizo un reclamo en las puertas de Fomicruz S.E. la medida se relaciona directamente con la falta de inversi\u00f3n y los problemas ya denunciados en el Yacimiento El Mosquito operado por la empresa Servicom. Fernando Carabajal, integrante de la Comisi\u00f3n Directiva, dio detalles de la medida","canonical_url":"https:\/\/www.diariosantacruz.com.ar\/?p=1985","robots":"max-image-preview:large","keywords":"","webmasterTools":{"miscellaneous":""},"schema":{"@context":"https:\/\/schema.org","@graph":[{"@type":"BlogPosting","@id":"https:\/\/www.diariosantacruz.com.ar\/?p=1985#blogposting","name":"Petroleros Privados realizo una medida de fuerza en las puertas de Fomicruz S.E. - Diario Santa Cruz","headline":"Petroleros Privados realizo una medida de fuerza en las puertas de Fomicruz S.E.","author":{"@id":"https:\/\/www.diariosantacruz.com.ar\/?author=2#author"},"publisher":{"@id":"https:\/\/www.diariosantacruz.com.ar\/#organization"},"image":{"@type":"ImageObject","url":"https:\/\/www.diariosantacruz.com.ar\/wp-content\/uploads\/2021\/10\/24724_1635288362.jpeg","width":1600,"height":900},"datePublished":"2021-10-26T23:01:52-03:00","dateModified":"2021-10-26T23:01:54-03:00","inLanguage":"es-ES","mainEntityOfPage":{"@id":"https:\/\/www.diariosantacruz.com.ar\/?p=1985#webpage"},"isPartOf":{"@id":"https:\/\/www.diariosantacruz.com.ar\/?p=1985#webpage"},"articleSection":"Sociedad, SINDICATO PETROLERO Y GAS PRIVADO"},{"@type":"BreadcrumbList","@id":"https:\/\/www.diariosantacruz.com.ar\/?p=1985#breadcrumblist","itemListElement":[{"@type":"ListItem","@id":"https:\/\/www.diariosantacruz.com.ar#listItem","position":1,"name":"Inicio","item":"https:\/\/www.diariosantacruz.com.ar","nextItem":{"@type":"ListItem","@id":"https:\/\/www.diariosantacruz.com.ar\/?cat=27#listItem","name":"Sociedad"}},{"@type":"ListItem","@id":"https:\/\/www.diariosantacruz.com.ar\/?cat=27#listItem","position":2,"name":"Sociedad","item":"https:\/\/www.diariosantacruz.com.ar\/?cat=27","nextItem":{"@type":"ListItem","@id":"https:\/\/www.diariosantacruz.com.ar\/?p=1985#listItem","name":"Petroleros Privados realizo una medida de fuerza en las puertas de Fomicruz S.E."},"previousItem":{"@type":"ListItem","@id":"https:\/\/www.diariosantacruz.com.ar#listItem","name":"Inicio"}},{"@type":"ListItem","@id":"https:\/\/www.diariosantacruz.com.ar\/?p=1985#listItem","position":3,"name":"Petroleros Privados realizo una medida de fuerza en las puertas de Fomicruz S.E.","previousItem":{"@type":"ListItem","@id":"https:\/\/www.diariosantacruz.com.ar\/?cat=27#listItem","name":"Sociedad"}}]},{"@type":"Organization","@id":"https:\/\/www.diariosantacruz.com.ar\/#organization","name":"Diario Santa Cruz","description":"Portal de Noticias de Santa Cruz","url":"https:\/\/www.diariosantacruz.com.ar\/","sameAs":["https:\/\/www.facebook.com\/Diario-Santa-Cruz-144392651098710","https:\/\/www.twitter.com\/@mayorgaelio","https:\/\/www.instagram.com\/diariosantacruz\/"]},{"@type":"Person","@id":"https:\/\/www.diariosantacruz.com.ar\/?author=2#author","url":"https:\/\/www.diariosantacruz.com.ar\/?author=2","name":"corresponsal","image":{"@type":"ImageObject","@id":"https:\/\/www.diariosantacruz.com.ar\/?p=1985#authorImage","url":"https:\/\/secure.gravatar.com\/avatar\/1a09ae462a829db06a34bd6218429bede00a69f031224cb1dd695e7e1effd620?s=96&d=mm&r=g","width":96,"height":96,"caption":"corresponsal"}},{"@type":"WebPage","@id":"https:\/\/www.diariosantacruz.com.ar\/?p=1985#webpage","url":"https:\/\/www.diariosantacruz.com.ar\/?p=1985","name":"Petroleros Privados realizo una medida de fuerza en las puertas de Fomicruz S.E. - Diario Santa Cruz","description":"El Sindicato Petrolero y Gas Privado de Santa Cruz, realizo un reclamo en las puertas de Fomicruz S.E. la medida se relaciona directamente con la falta de inversi\u00f3n y los problemas ya denunciados en el Yacimiento El Mosquito operado por la empresa Servicom. Fernando Carabajal, integrante de la Comisi\u00f3n Directiva, dio detalles de la medida","inLanguage":"es-ES","isPartOf":{"@id":"https:\/\/www.diariosantacruz.com.ar\/#website"},"breadcrumb":{"@id":"https:\/\/www.diariosantacruz.com.ar\/?p=1985#breadcrumblist"},"author":{"@id":"https:\/\/www.diariosantacruz.com.ar\/?author=2#author"},"creator":{"@id":"https:\/\/www.diariosantacruz.com.ar\/?author=2#author"},"image":{"@type":"ImageObject","url":"https:\/\/www.diariosantacruz.com.ar\/wp-content\/uploads\/2021\/10\/24724_1635288362.jpeg","@id":"https:\/\/www.diariosantacruz.com.ar\/?p=1985\/#mainImage","width":1600,"height":900},"primaryImageOfPage":{"@id":"https:\/\/www.diariosantacruz.com.ar\/?p=1985#mainImage"},"datePublished":"2021-10-26T23:01:52-03:00","dateModified":"2021-10-26T23:01:54-03:00"},{"@type":"WebSite","@id":"https:\/\/www.diariosantacruz.com.ar\/#website","url":"https:\/\/www.diariosantacruz.com.ar\/","name":"Diario Santa Cruz","description":"Portal de Noticias de Santa Cruz","inLanguage":"es-ES","publisher":{"@id":"https:\/\/www.diariosantacruz.com.ar\/#organization"}}]},"og:locale":"es_ES","og:site_name":"Diario Santa Cruz - Portal de Noticias de Santa Cruz","og:type":"article","og:title":"Petroleros Privados realizo una medida de fuerza en las puertas de Fomicruz S.E. - Diario Santa Cruz","og:description":"El Sindicato Petrolero y Gas Privado de Santa Cruz, realizo un reclamo en las puertas de Fomicruz S.E. la medida se relaciona directamente con la falta de inversi\u00f3n y los problemas ya denunciados en el Yacimiento El Mosquito operado por la empresa Servicom. Fernando Carabajal, integrante de la Comisi\u00f3n Directiva, dio detalles de la medida","og:url":"https:\/\/www.diariosantacruz.com.ar\/?p=1985","article:published_time":"2021-10-27T02:01:52+00:00","article:modified_time":"2021-10-27T02:01:54+00:00","article:publisher":"https:\/\/www.facebook.com\/Diario-Santa-Cruz-144392651098710","twitter:card":"summary","twitter:site":"@mayorgaelio","twitter:title":"Petroleros Privados realizo una medida de fuerza en las puertas de Fomicruz S.E. - Diario Santa Cruz","twitter:description":"El Sindicato Petrolero y Gas Privado de Santa Cruz, realizo un reclamo en las puertas de Fomicruz S.E. la medida se relaciona directamente con la falta de inversi\u00f3n y los problemas ya denunciados en el Yacimiento El Mosquito operado por la empresa Servicom. Fernando Carabajal, integrante de la Comisi\u00f3n Directiva, dio detalles de la medida","twitter:creator":"@mayorgaelio"},"aioseo_meta_data":{"post_id":"1985","title":"#post_title #separator_sa #site_title","description":"#post_excerpt","keywords":[],"keyphrases":{"focus":[],"additional":[]},"primary_term":null,"canonical_url":null,"og_title":null,"og_description":null,"og_object_type":"default","og_image_type":"default","og_image_url":null,"og_image_width":null,"og_image_height":null,"og_image_custom_url":null,"og_image_custom_fields":null,"og_video":"","og_custom_url":null,"og_article_section":null,"og_article_tags":[],"twitter_use_og":false,"twitter_card":"default","twitter_image_type":"default","twitter_image_url":null,"twitter_image_custom_url":null,"twitter_image_custom_fields":null,"twitter_title":null,"twitter_description":null,"schema":{"blockGraphs":[],"customGraphs":[],"default":{"data":{"Article":[],"Course":[],"Dataset":[],"FAQPage":[],"Movie":[],"Person":[],"Product":[],"ProductReview":[],"Car":[],"Recipe":[],"Service":[],"SoftwareApplication":[],"WebPage":[]},"graphName":"","isEnabled":true},"graphs":[]},"schema_type":"default","schema_type_options":"{\"article\":{\"articleType\":\"BlogPosting\"},\"course\":{\"name\":\"\",\"description\":\"\",\"provider\":\"\"},\"faq\":{\"pages\":[]},\"product\":{\"reviews\":[]},\"recipe\":{\"ingredients\":[],\"instructions\":[],\"keywords\":[]},\"software\":{\"reviews\":[],\"operatingSystems\":[]},\"webPage\":{\"webPageType\":\"WebPage\"}}","pillar_content":false,"robots_default":true,"robots_noindex":false,"robots_noarchive":false,"robots_nosnippet":false,"robots_nofollow":false,"robots_noimageindex":false,"robots_noodp":false,"robots_notranslate":false,"robots_max_snippet":"-1","robots_max_videopreview":"-1","robots_max_imagepreview":"large","priority":null,"frequency":"default","local_seo":null,"breadcrumb_settings":null,"limit_modified_date":false,"ai":null,"created":"2021-10-27 02:01:54","updated":"2025-06-05 00:26:38","seo_analyzer_scan_date":null},"aioseo_breadcrumb":"<div class=\"aioseo-breadcrumbs\"><span class=\"aioseo-breadcrumb\">\n\t\t\t<a href=\"https:\/\/www.diariosantacruz.com.ar\" title=\"Inicio\">Inicio<\/a>\n\t\t<\/span><span class=\"aioseo-breadcrumb-separator\">&raquo;<\/span><span class=\"aioseo-breadcrumb\">\n\t\t\t<a href=\"https:\/\/www.diariosantacruz.com.ar\/?cat=27\" title=\"Sociedad\">Sociedad<\/a>\n\t\t<\/span><span class=\"aioseo-breadcrumb-separator\">&raquo;<\/span><span class=\"aioseo-breadcrumb\">\n\t\t\tPetroleros Privados realizo una medida de fuerza en las puertas de Fomicruz S.E.\n\t\t<\/span><\/div>","aioseo_breadcrumb_json":[{"label":"Inicio","link":"https:\/\/www.diariosantacruz.com.ar"},{"label":"Sociedad","link":"https:\/\/www.diariosantacruz.com.ar\/?cat=27"},{"label":"Petroleros Privados realizo una medida de fuerza en las puertas de Fomicruz S.E.","link":"https:\/\/www.diariosantacruz.com.ar\/?p=1985"}],"_links":{"self":[{"href":"https:\/\/www.diariosantacruz.com.ar\/index.php?rest_route=\/wp\/v2\/posts\/1985","targetHints":{"allow":["GET"]}}],"collection":[{"href":"https:\/\/www.diariosantacruz.com.ar\/index.php?rest_route=\/wp\/v2\/posts"}],"about":[{"href":"https:\/\/www.diariosantacruz.com.ar\/index.php?rest_route=\/wp\/v2\/types\/post"}],"author":[{"embeddable":true,"href":"https:\/\/www.diariosantacruz.com.ar\/index.php?rest_route=\/wp\/v2\/users\/2"}],"replies":[{"embeddable":true,"href":"https:\/\/www.diariosantacruz.com.ar\/index.php?rest_route=%2Fwp%2Fv2%2Fcomments&post=1985"}],"version-history":[{"count":1,"href":"https:\/\/www.diariosantacruz.com.ar\/index.php?rest_route=\/wp\/v2\/posts\/1985\/revisions"}],"predecessor-version":[{"id":1987,"href":"https:\/\/www.diariosantacruz.com.ar\/index.php?rest_route=\/wp\/v2\/posts\/1985\/revisions\/1987"}],"wp:featuredmedia":[{"embeddable":true,"href":"https:\/\/www.diariosantacruz.com.ar\/index.php?rest_route=\/wp\/v2\/media\/1986"}],"wp:attachment":[{"href":"https:\/\/www.diariosantacruz.com.ar\/index.php?rest_route=%2Fwp%2Fv2%2Fmedia&parent=1985"}],"wp:term":[{"taxonomy":"category","embeddable":true,"href":"https:\/\/www.diariosantacruz.com.ar\/index.php?rest_route=%2Fwp%2Fv2%2Fcategories&post=1985"},{"taxonomy":"post_tag","embeddable":true,"href":"https:\/\/www.diariosantacruz.com.ar\/index.php?rest_route=%2Fwp%2Fv2%2Ftags&post=1985"}],"curies":[{"name":"wp","href":"https:\/\/api.w.org\/{rel}","templated":true}]}}