{"id":1991,"date":"2021-10-27T00:07:12","date_gmt":"2021-10-27T03:07:12","guid":{"rendered":"https:\/\/diariosantacruz.com.ar\/?p=1991"},"modified":"2021-10-27T00:08:21","modified_gmt":"2021-10-27T03:08:21","slug":"a-11-anos-de-la-muerte-de-nestor-kirchner","status":"publish","type":"post","link":"https:\/\/www.diariosantacruz.com.ar\/?p=1991","title":{"rendered":"A 11 a\u00f1os de la muerte de N\u00e9stor Kirchner"},"content":{"rendered":"\n<h2 class=\"wp-block-heading\">Este mi\u00e9rcoles 27 de octubre, se cumplen 11 a\u00f1os del fallecimiento de N\u00e9stor Kirchner, ex gobernador de Santa Cruz y ex presidente de la Rep\u00fablica Argentina. En Rio Gallegos habra dos homenajes.<\/h2>\n\n\n\n<p class=\"wp-block-paragraph\">Con la presencia de legisladores y vice gobernadores que asistieron a la segunda sesion del Parlamento Patagonico, se ha previsto el primer homenaje del dia, previsto para las\u00a0<strong>13:00<\/strong>\u00a0en el\u00a0<strong>mausoleo<\/strong>\u00a0donde se encuentran los restos del ex intendente y ex gobernador de Santa Cruz.<\/p>\n\n\n\n<p class=\"wp-block-paragraph\">Asimismo, tambi\u00e9n estar\u00e1n los diputados de las provincias de la regi\u00f3n, adem\u00e1s del secretario de Energ\u00eda de la Naci\u00f3n,\u00a0<strong>Dar\u00edo Mart\u00ednez<\/strong>; el ministro de Justicia de la Naci\u00f3n,\u00a0<strong>Mart\u00edn Soria<\/strong>; el intendente de Comodoro Rivadavia,\u00a0<strong>Juan Pablo Luque<\/strong>, y su par de Ushuaia,\u00a0<strong>Walter Vuoto<\/strong>, el Presidente de YPF <strong>Pablo Gonzalez<\/strong> entre otros.<\/p>\n\n\n\n<p class=\"wp-block-paragraph\">Por su parte, los referentes de \u201c<strong>Los Muchachos Peronistas<\/strong>\u201d realizan una jornada de homenaje, pensamiento y reflexi\u00f3n en R\u00edo Gallegos, al cumplirse el d\u00e9cimo primer aniversario del fallecimiento de\u00a0<strong>N\u00e9stor Carlos Kirchner<\/strong>.<\/p>\n\n\n\n<p class=\"wp-block-paragraph\">El 27 de octubre se desarrollar\u00e1 una agenda durante todo el mi\u00e9rcoles que culminar\u00e1 con unas palabras de cierre de\u00a0<strong>Rudy Fernando Ulloa Igor<\/strong>\u00a0y una cena de despedida en la sede\u00a0<strong>\u201cNK Ateneo Santa Cruz\u201d<\/strong>, ubicada en la calle\u00a0<strong>Alvear 175<\/strong>\u00a0de esta ciudad capital.<\/p>\n\n\n\n<p class=\"wp-block-paragraph\">La convocatoria se realiza bajo la denominaci\u00f3n \u201c<strong>Encuentro Nacional de Referentes de la Agrupaci\u00f3n Los Muchachos Peronistas<\/strong>\u201d. Y tendr\u00e1 el siguiente programa:<\/p>\n\n\n\n<ul class=\"wp-block-list\"><li>09:30, mesa de trabajo de los Muchachos Peronistas en instalaciones del NK Ateneo;<\/li><li>11:30, ofrenda floral en el monumento emplazado en las inmediaciones de la Unidad B\u00e1sica Los Muchachos Peronistas, en el barrio del Carmen de R\u00edo Gallegos;<\/li><li>13:00, almuerzo de camarader\u00eda;<\/li><li>19:00, primer encuentro de Los Muchachos Peronistas; apertura de un referente designado; palabras en conmemoraci\u00f3n por el aniversario del fallecimiento de N\u00e9stor Kirchner; presentaci\u00f3n del video \u201cVolver a N\u00e9stor\u201d; palabras de Rudy Ulloa. <\/li><\/ul>\n\n\n\n<figure class=\"wp-block-image size-full\"><img loading=\"lazy\" decoding=\"async\" width=\"600\" height=\"337\" src=\"https:\/\/diariosantacruz.com.ar\/wp-content\/uploads\/2021\/10\/cropped-ACTO-BOXING-27-opt.jpg\" alt=\"\" class=\"wp-image-1992\" srcset=\"https:\/\/www.diariosantacruz.com.ar\/wp-content\/uploads\/2021\/10\/cropped-ACTO-BOXING-27-opt.jpg 600w, https:\/\/www.diariosantacruz.com.ar\/wp-content\/uploads\/2021\/10\/cropped-ACTO-BOXING-27-opt-300x169.jpg 300w\" sizes=\"auto, (max-width: 600px) 100vw, 600px\" \/><\/figure>\n","protected":false},"excerpt":{"rendered":"<p>Este mi\u00e9rcoles 27 de octubre, se cumplen 11 a\u00f1os del fallecimiento de N\u00e9stor Kirchner, ex<\/p>\n","protected":false},"author":2,"featured_media":1992,"comment_status":"open","ping_status":"open","sticky":false,"template":"","format":"standard","meta":{"_monsterinsights_skip_tracking":false,"footnotes":""},"categories":[27],"tags":[448],"class_list":["post-1991","post","type-post","status-publish","format-standard","has-post-thumbnail","hentry","category-sociedad","tag-nestor-kirchner"],"aioseo_notices":[],"aioseo_head":"\n\t\t<!-- All in One SEO 4.9.8 - aioseo.com -->\n\t<meta name=\"description\" content=\"Este mi\u00e9rcoles 27 de octubre, se cumplen 11 a\u00f1os del fallecimiento de N\u00e9stor Kirchner, ex gobernador de Santa Cruz y ex presidente de la Rep\u00fablica Argentina. En Rio Gallegos habra dos homenajes. Con la presencia de legisladores y vice gobernadores que asistieron a la segunda sesion del Parlamento Patagonico, se ha previsto el primer homenaje\" \/>\n\t<meta name=\"robots\" content=\"max-image-preview:large\" \/>\n\t<meta name=\"author\" content=\"corresponsal\"\/>\n\t<link rel=\"canonical\" href=\"https:\/\/www.diariosantacruz.com.ar\/?p=1991\" \/>\n\t<meta name=\"generator\" content=\"All in One SEO (AIOSEO) 4.9.8\" \/>\n\t\t<meta property=\"og:locale\" content=\"es_ES\" \/>\n\t\t<meta property=\"og:site_name\" content=\"Diario Santa Cruz - Portal de Noticias de Santa Cruz\" \/>\n\t\t<meta property=\"og:type\" content=\"article\" \/>\n\t\t<meta property=\"og:title\" content=\"A 11 a\u00f1os de la muerte de N\u00e9stor Kirchner - Diario Santa Cruz\" \/>\n\t\t<meta property=\"og:description\" content=\"Este mi\u00e9rcoles 27 de octubre, se cumplen 11 a\u00f1os del fallecimiento de N\u00e9stor Kirchner, ex gobernador de Santa Cruz y ex presidente de la Rep\u00fablica Argentina. En Rio Gallegos habra dos homenajes. Con la presencia de legisladores y vice gobernadores que asistieron a la segunda sesion del Parlamento Patagonico, se ha previsto el primer homenaje\" \/>\n\t\t<meta property=\"og:url\" content=\"https:\/\/www.diariosantacruz.com.ar\/?p=1991\" \/>\n\t\t<meta property=\"article:published_time\" content=\"2021-10-27T03:07:12+00:00\" \/>\n\t\t<meta property=\"article:modified_time\" content=\"2021-10-27T03:08:21+00:00\" \/>\n\t\t<meta property=\"article:publisher\" content=\"https:\/\/www.facebook.com\/Diario-Santa-Cruz-144392651098710\" \/>\n\t\t<meta name=\"twitter:card\" content=\"summary\" \/>\n\t\t<meta name=\"twitter:site\" content=\"@mayorgaelio\" \/>\n\t\t<meta name=\"twitter:title\" content=\"A 11 a\u00f1os de la muerte de N\u00e9stor Kirchner - Diario Santa Cruz\" \/>\n\t\t<meta name=\"twitter:description\" content=\"Este mi\u00e9rcoles 27 de octubre, se cumplen 11 a\u00f1os del fallecimiento de N\u00e9stor Kirchner, ex gobernador de Santa Cruz y ex presidente de la Rep\u00fablica Argentina. En Rio Gallegos habra dos homenajes. Con la presencia de legisladores y vice gobernadores que asistieron a la segunda sesion del Parlamento Patagonico, se ha previsto el primer homenaje\" \/>\n\t\t<meta name=\"twitter:creator\" content=\"@mayorgaelio\" \/>\n\t\t<script type=\"application\/ld+json\" class=\"aioseo-schema\">\n\t\t\t{\"@context\":\"https:\\\/\\\/schema.org\",\"@graph\":[{\"@type\":\"BlogPosting\",\"@id\":\"https:\\\/\\\/www.diariosantacruz.com.ar\\\/?p=1991#blogposting\",\"name\":\"A 11 a\\u00f1os de la muerte de N\\u00e9stor Kirchner - Diario Santa Cruz\",\"headline\":\"A 11 a\\u00f1os de la muerte de N\\u00e9stor Kirchner\",\"author\":{\"@id\":\"https:\\\/\\\/www.diariosantacruz.com.ar\\\/?author=2#author\"},\"publisher\":{\"@id\":\"https:\\\/\\\/www.diariosantacruz.com.ar\\\/#organization\"},\"image\":{\"@type\":\"ImageObject\",\"url\":\"https:\\\/\\\/www.diariosantacruz.com.ar\\\/wp-content\\\/uploads\\\/2021\\\/10\\\/cropped-ACTO-BOXING-27-opt.jpg\",\"width\":600,\"height\":337},\"datePublished\":\"2021-10-27T00:07:12-03:00\",\"dateModified\":\"2021-10-27T00:08:21-03:00\",\"inLanguage\":\"es-ES\",\"mainEntityOfPage\":{\"@id\":\"https:\\\/\\\/www.diariosantacruz.com.ar\\\/?p=1991#webpage\"},\"isPartOf\":{\"@id\":\"https:\\\/\\\/www.diariosantacruz.com.ar\\\/?p=1991#webpage\"},\"articleSection\":\"Sociedad, NESTOR KIRCHNER\"},{\"@type\":\"BreadcrumbList\",\"@id\":\"https:\\\/\\\/www.diariosantacruz.com.ar\\\/?p=1991#breadcrumblist\",\"itemListElement\":[{\"@type\":\"ListItem\",\"@id\":\"https:\\\/\\\/www.diariosantacruz.com.ar#listItem\",\"position\":1,\"name\":\"Inicio\",\"item\":\"https:\\\/\\\/www.diariosantacruz.com.ar\",\"nextItem\":{\"@type\":\"ListItem\",\"@id\":\"https:\\\/\\\/www.diariosantacruz.com.ar\\\/?cat=27#listItem\",\"name\":\"Sociedad\"}},{\"@type\":\"ListItem\",\"@id\":\"https:\\\/\\\/www.diariosantacruz.com.ar\\\/?cat=27#listItem\",\"position\":2,\"name\":\"Sociedad\",\"item\":\"https:\\\/\\\/www.diariosantacruz.com.ar\\\/?cat=27\",\"nextItem\":{\"@type\":\"ListItem\",\"@id\":\"https:\\\/\\\/www.diariosantacruz.com.ar\\\/?p=1991#listItem\",\"name\":\"A 11 a\\u00f1os de la muerte de N\\u00e9stor Kirchner\"},\"previousItem\":{\"@type\":\"ListItem\",\"@id\":\"https:\\\/\\\/www.diariosantacruz.com.ar#listItem\",\"name\":\"Inicio\"}},{\"@type\":\"ListItem\",\"@id\":\"https:\\\/\\\/www.diariosantacruz.com.ar\\\/?p=1991#listItem\",\"position\":3,\"name\":\"A 11 a\\u00f1os de la muerte de N\\u00e9stor Kirchner\",\"previousItem\":{\"@type\":\"ListItem\",\"@id\":\"https:\\\/\\\/www.diariosantacruz.com.ar\\\/?cat=27#listItem\",\"name\":\"Sociedad\"}}]},{\"@type\":\"Organization\",\"@id\":\"https:\\\/\\\/www.diariosantacruz.com.ar\\\/#organization\",\"name\":\"Diario Santa Cruz\",\"description\":\"Portal de Noticias de Santa Cruz\",\"url\":\"https:\\\/\\\/www.diariosantacruz.com.ar\\\/\",\"sameAs\":[\"https:\\\/\\\/www.facebook.com\\\/Diario-Santa-Cruz-144392651098710\",\"https:\\\/\\\/www.twitter.com\\\/@mayorgaelio\",\"https:\\\/\\\/www.instagram.com\\\/diariosantacruz\\\/\"]},{\"@type\":\"Person\",\"@id\":\"https:\\\/\\\/www.diariosantacruz.com.ar\\\/?author=2#author\",\"url\":\"https:\\\/\\\/www.diariosantacruz.com.ar\\\/?author=2\",\"name\":\"corresponsal\",\"image\":{\"@type\":\"ImageObject\",\"@id\":\"https:\\\/\\\/www.diariosantacruz.com.ar\\\/?p=1991#authorImage\",\"url\":\"https:\\\/\\\/secure.gravatar.com\\\/avatar\\\/1a09ae462a829db06a34bd6218429bede00a69f031224cb1dd695e7e1effd620?s=96&d=mm&r=g\",\"width\":96,\"height\":96,\"caption\":\"corresponsal\"}},{\"@type\":\"WebPage\",\"@id\":\"https:\\\/\\\/www.diariosantacruz.com.ar\\\/?p=1991#webpage\",\"url\":\"https:\\\/\\\/www.diariosantacruz.com.ar\\\/?p=1991\",\"name\":\"A 11 a\\u00f1os de la muerte de N\\u00e9stor Kirchner - Diario Santa Cruz\",\"description\":\"Este mi\\u00e9rcoles 27 de octubre, se cumplen 11 a\\u00f1os del fallecimiento de N\\u00e9stor Kirchner, ex gobernador de Santa Cruz y ex presidente de la Rep\\u00fablica Argentina. En Rio Gallegos habra dos homenajes. Con la presencia de legisladores y vice gobernadores que asistieron a la segunda sesion del Parlamento Patagonico, se ha previsto el primer homenaje\",\"inLanguage\":\"es-ES\",\"isPartOf\":{\"@id\":\"https:\\\/\\\/www.diariosantacruz.com.ar\\\/#website\"},\"breadcrumb\":{\"@id\":\"https:\\\/\\\/www.diariosantacruz.com.ar\\\/?p=1991#breadcrumblist\"},\"author\":{\"@id\":\"https:\\\/\\\/www.diariosantacruz.com.ar\\\/?author=2#author\"},\"creator\":{\"@id\":\"https:\\\/\\\/www.diariosantacruz.com.ar\\\/?author=2#author\"},\"image\":{\"@type\":\"ImageObject\",\"url\":\"https:\\\/\\\/www.diariosantacruz.com.ar\\\/wp-content\\\/uploads\\\/2021\\\/10\\\/cropped-ACTO-BOXING-27-opt.jpg\",\"@id\":\"https:\\\/\\\/www.diariosantacruz.com.ar\\\/?p=1991\\\/#mainImage\",\"width\":600,\"height\":337},\"primaryImageOfPage\":{\"@id\":\"https:\\\/\\\/www.diariosantacruz.com.ar\\\/?p=1991#mainImage\"},\"datePublished\":\"2021-10-27T00:07:12-03:00\",\"dateModified\":\"2021-10-27T00:08:21-03:00\"},{\"@type\":\"WebSite\",\"@id\":\"https:\\\/\\\/www.diariosantacruz.com.ar\\\/#website\",\"url\":\"https:\\\/\\\/www.diariosantacruz.com.ar\\\/\",\"name\":\"Diario Santa Cruz\",\"description\":\"Portal de Noticias de Santa Cruz\",\"inLanguage\":\"es-ES\",\"publisher\":{\"@id\":\"https:\\\/\\\/www.diariosantacruz.com.ar\\\/#organization\"}}]}\n\t\t<\/script>\n\t\t<!-- All in One SEO -->\n\n","aioseo_head_json":{"title":"A 11 a\u00f1os de la muerte de N\u00e9stor Kirchner - Diario Santa Cruz","description":"Este mi\u00e9rcoles 27 de octubre, se cumplen 11 a\u00f1os del fallecimiento de N\u00e9stor Kirchner, ex gobernador de Santa Cruz y ex presidente de la Rep\u00fablica Argentina. En Rio Gallegos habra dos homenajes. Con la presencia de legisladores y vice gobernadores que asistieron a la segunda sesion del Parlamento Patagonico, se ha previsto el primer homenaje","canonical_url":"https:\/\/www.diariosantacruz.com.ar\/?p=1991","robots":"max-image-preview:large","keywords":"","webmasterTools":{"miscellaneous":""},"schema":{"@context":"https:\/\/schema.org","@graph":[{"@type":"BlogPosting","@id":"https:\/\/www.diariosantacruz.com.ar\/?p=1991#blogposting","name":"A 11 a\u00f1os de la muerte de N\u00e9stor Kirchner - Diario Santa Cruz","headline":"A 11 a\u00f1os de la muerte de N\u00e9stor Kirchner","author":{"@id":"https:\/\/www.diariosantacruz.com.ar\/?author=2#author"},"publisher":{"@id":"https:\/\/www.diariosantacruz.com.ar\/#organization"},"image":{"@type":"ImageObject","url":"https:\/\/www.diariosantacruz.com.ar\/wp-content\/uploads\/2021\/10\/cropped-ACTO-BOXING-27-opt.jpg","width":600,"height":337},"datePublished":"2021-10-27T00:07:12-03:00","dateModified":"2021-10-27T00:08:21-03:00","inLanguage":"es-ES","mainEntityOfPage":{"@id":"https:\/\/www.diariosantacruz.com.ar\/?p=1991#webpage"},"isPartOf":{"@id":"https:\/\/www.diariosantacruz.com.ar\/?p=1991#webpage"},"articleSection":"Sociedad, NESTOR KIRCHNER"},{"@type":"BreadcrumbList","@id":"https:\/\/www.diariosantacruz.com.ar\/?p=1991#breadcrumblist","itemListElement":[{"@type":"ListItem","@id":"https:\/\/www.diariosantacruz.com.ar#listItem","position":1,"name":"Inicio","item":"https:\/\/www.diariosantacruz.com.ar","nextItem":{"@type":"ListItem","@id":"https:\/\/www.diariosantacruz.com.ar\/?cat=27#listItem","name":"Sociedad"}},{"@type":"ListItem","@id":"https:\/\/www.diariosantacruz.com.ar\/?cat=27#listItem","position":2,"name":"Sociedad","item":"https:\/\/www.diariosantacruz.com.ar\/?cat=27","nextItem":{"@type":"ListItem","@id":"https:\/\/www.diariosantacruz.com.ar\/?p=1991#listItem","name":"A 11 a\u00f1os de la muerte de N\u00e9stor Kirchner"},"previousItem":{"@type":"ListItem","@id":"https:\/\/www.diariosantacruz.com.ar#listItem","name":"Inicio"}},{"@type":"ListItem","@id":"https:\/\/www.diariosantacruz.com.ar\/?p=1991#listItem","position":3,"name":"A 11 a\u00f1os de la muerte de N\u00e9stor Kirchner","previousItem":{"@type":"ListItem","@id":"https:\/\/www.diariosantacruz.com.ar\/?cat=27#listItem","name":"Sociedad"}}]},{"@type":"Organization","@id":"https:\/\/www.diariosantacruz.com.ar\/#organization","name":"Diario Santa Cruz","description":"Portal de Noticias de Santa Cruz","url":"https:\/\/www.diariosantacruz.com.ar\/","sameAs":["https:\/\/www.facebook.com\/Diario-Santa-Cruz-144392651098710","https:\/\/www.twitter.com\/@mayorgaelio","https:\/\/www.instagram.com\/diariosantacruz\/"]},{"@type":"Person","@id":"https:\/\/www.diariosantacruz.com.ar\/?author=2#author","url":"https:\/\/www.diariosantacruz.com.ar\/?author=2","name":"corresponsal","image":{"@type":"ImageObject","@id":"https:\/\/www.diariosantacruz.com.ar\/?p=1991#authorImage","url":"https:\/\/secure.gravatar.com\/avatar\/1a09ae462a829db06a34bd6218429bede00a69f031224cb1dd695e7e1effd620?s=96&d=mm&r=g","width":96,"height":96,"caption":"corresponsal"}},{"@type":"WebPage","@id":"https:\/\/www.diariosantacruz.com.ar\/?p=1991#webpage","url":"https:\/\/www.diariosantacruz.com.ar\/?p=1991","name":"A 11 a\u00f1os de la muerte de N\u00e9stor Kirchner - Diario Santa Cruz","description":"Este mi\u00e9rcoles 27 de octubre, se cumplen 11 a\u00f1os del fallecimiento de N\u00e9stor Kirchner, ex gobernador de Santa Cruz y ex presidente de la Rep\u00fablica Argentina. En Rio Gallegos habra dos homenajes. Con la presencia de legisladores y vice gobernadores que asistieron a la segunda sesion del Parlamento Patagonico, se ha previsto el primer homenaje","inLanguage":"es-ES","isPartOf":{"@id":"https:\/\/www.diariosantacruz.com.ar\/#website"},"breadcrumb":{"@id":"https:\/\/www.diariosantacruz.com.ar\/?p=1991#breadcrumblist"},"author":{"@id":"https:\/\/www.diariosantacruz.com.ar\/?author=2#author"},"creator":{"@id":"https:\/\/www.diariosantacruz.com.ar\/?author=2#author"},"image":{"@type":"ImageObject","url":"https:\/\/www.diariosantacruz.com.ar\/wp-content\/uploads\/2021\/10\/cropped-ACTO-BOXING-27-opt.jpg","@id":"https:\/\/www.diariosantacruz.com.ar\/?p=1991\/#mainImage","width":600,"height":337},"primaryImageOfPage":{"@id":"https:\/\/www.diariosantacruz.com.ar\/?p=1991#mainImage"},"datePublished":"2021-10-27T00:07:12-03:00","dateModified":"2021-10-27T00:08:21-03:00"},{"@type":"WebSite","@id":"https:\/\/www.diariosantacruz.com.ar\/#website","url":"https:\/\/www.diariosantacruz.com.ar\/","name":"Diario Santa Cruz","description":"Portal de Noticias de Santa Cruz","inLanguage":"es-ES","publisher":{"@id":"https:\/\/www.diariosantacruz.com.ar\/#organization"}}]},"og:locale":"es_ES","og:site_name":"Diario Santa Cruz - Portal de Noticias de Santa Cruz","og:type":"article","og:title":"A 11 a\u00f1os de la muerte de N\u00e9stor Kirchner - Diario Santa Cruz","og:description":"Este mi\u00e9rcoles 27 de octubre, se cumplen 11 a\u00f1os del fallecimiento de N\u00e9stor Kirchner, ex gobernador de Santa Cruz y ex presidente de la Rep\u00fablica Argentina. En Rio Gallegos habra dos homenajes. Con la presencia de legisladores y vice gobernadores que asistieron a la segunda sesion del Parlamento Patagonico, se ha previsto el primer homenaje","og:url":"https:\/\/www.diariosantacruz.com.ar\/?p=1991","article:published_time":"2021-10-27T03:07:12+00:00","article:modified_time":"2021-10-27T03:08:21+00:00","article:publisher":"https:\/\/www.facebook.com\/Diario-Santa-Cruz-144392651098710","twitter:card":"summary","twitter:site":"@mayorgaelio","twitter:title":"A 11 a\u00f1os de la muerte de N\u00e9stor Kirchner - Diario Santa Cruz","twitter:description":"Este mi\u00e9rcoles 27 de octubre, se cumplen 11 a\u00f1os del fallecimiento de N\u00e9stor Kirchner, ex gobernador de Santa Cruz y ex presidente de la Rep\u00fablica Argentina. En Rio Gallegos habra dos homenajes. Con la presencia de legisladores y vice gobernadores que asistieron a la segunda sesion del Parlamento Patagonico, se ha previsto el primer homenaje","twitter:creator":"@mayorgaelio"},"aioseo_meta_data":{"post_id":"1991","title":"#post_title #separator_sa #site_title","description":"#post_excerpt","keywords":[],"keyphrases":{"focus":[],"additional":[]},"primary_term":null,"canonical_url":null,"og_title":null,"og_description":null,"og_object_type":"default","og_image_type":"default","og_image_url":null,"og_image_width":null,"og_image_height":null,"og_image_custom_url":null,"og_image_custom_fields":null,"og_video":"","og_custom_url":null,"og_article_section":null,"og_article_tags":[],"twitter_use_og":false,"twitter_card":"default","twitter_image_type":"default","twitter_image_url":null,"twitter_image_custom_url":null,"twitter_image_custom_fields":null,"twitter_title":null,"twitter_description":null,"schema":{"blockGraphs":[],"customGraphs":[],"default":{"data":{"Article":[],"Course":[],"Dataset":[],"FAQPage":[],"Movie":[],"Person":[],"Product":[],"ProductReview":[],"Car":[],"Recipe":[],"Service":[],"SoftwareApplication":[],"WebPage":[]},"graphName":"","isEnabled":true},"graphs":[]},"schema_type":"default","schema_type_options":"{\"article\":{\"articleType\":\"BlogPosting\"},\"course\":{\"name\":\"\",\"description\":\"\",\"provider\":\"\"},\"faq\":{\"pages\":[]},\"product\":{\"reviews\":[]},\"recipe\":{\"ingredients\":[],\"instructions\":[],\"keywords\":[]},\"software\":{\"reviews\":[],\"operatingSystems\":[]},\"webPage\":{\"webPageType\":\"WebPage\"}}","pillar_content":false,"robots_default":true,"robots_noindex":false,"robots_noarchive":false,"robots_nosnippet":false,"robots_nofollow":false,"robots_noimageindex":false,"robots_noodp":false,"robots_notranslate":false,"robots_max_snippet":"-1","robots_max_videopreview":"-1","robots_max_imagepreview":"large","priority":null,"frequency":"default","local_seo":null,"breadcrumb_settings":null,"limit_modified_date":false,"ai":null,"created":"2021-10-27 03:07:13","updated":"2025-06-05 00:26:38","seo_analyzer_scan_date":null},"aioseo_breadcrumb":"<div class=\"aioseo-breadcrumbs\"><span class=\"aioseo-breadcrumb\">\n\t\t\t<a href=\"https:\/\/www.diariosantacruz.com.ar\" title=\"Inicio\">Inicio<\/a>\n\t\t<\/span><span class=\"aioseo-breadcrumb-separator\">&raquo;<\/span><span class=\"aioseo-breadcrumb\">\n\t\t\t<a href=\"https:\/\/www.diariosantacruz.com.ar\/?cat=27\" title=\"Sociedad\">Sociedad<\/a>\n\t\t<\/span><span class=\"aioseo-breadcrumb-separator\">&raquo;<\/span><span class=\"aioseo-breadcrumb\">\n\t\t\tA 11 a\u00f1os de la muerte de N\u00e9stor Kirchner\n\t\t<\/span><\/div>","aioseo_breadcrumb_json":[{"label":"Inicio","link":"https:\/\/www.diariosantacruz.com.ar"},{"label":"Sociedad","link":"https:\/\/www.diariosantacruz.com.ar\/?cat=27"},{"label":"A 11 a\u00f1os de la muerte de N\u00e9stor Kirchner","link":"https:\/\/www.diariosantacruz.com.ar\/?p=1991"}],"_links":{"self":[{"href":"https:\/\/www.diariosantacruz.com.ar\/index.php?rest_route=\/wp\/v2\/posts\/1991","targetHints":{"allow":["GET"]}}],"collection":[{"href":"https:\/\/www.diariosantacruz.com.ar\/index.php?rest_route=\/wp\/v2\/posts"}],"about":[{"href":"https:\/\/www.diariosantacruz.com.ar\/index.php?rest_route=\/wp\/v2\/types\/post"}],"author":[{"embeddable":true,"href":"https:\/\/www.diariosantacruz.com.ar\/index.php?rest_route=\/wp\/v2\/users\/2"}],"replies":[{"embeddable":true,"href":"https:\/\/www.diariosantacruz.com.ar\/index.php?rest_route=%2Fwp%2Fv2%2Fcomments&post=1991"}],"version-history":[{"count":2,"href":"https:\/\/www.diariosantacruz.com.ar\/index.php?rest_route=\/wp\/v2\/posts\/1991\/revisions"}],"predecessor-version":[{"id":1995,"href":"https:\/\/www.diariosantacruz.com.ar\/index.php?rest_route=\/wp\/v2\/posts\/1991\/revisions\/1995"}],"wp:featuredmedia":[{"embeddable":true,"href":"https:\/\/www.diariosantacruz.com.ar\/index.php?rest_route=\/wp\/v2\/media\/1992"}],"wp:attachment":[{"href":"https:\/\/www.diariosantacruz.com.ar\/index.php?rest_route=%2Fwp%2Fv2%2Fmedia&parent=1991"}],"wp:term":[{"taxonomy":"category","embeddable":true,"href":"https:\/\/www.diariosantacruz.com.ar\/index.php?rest_route=%2Fwp%2Fv2%2Fcategories&post=1991"},{"taxonomy":"post_tag","embeddable":true,"href":"https:\/\/www.diariosantacruz.com.ar\/index.php?rest_route=%2Fwp%2Fv2%2Ftags&post=1991"}],"curies":[{"name":"wp","href":"https:\/\/api.w.org\/{rel}","templated":true}]}}