{"id":3438,"date":"2022-07-17T00:30:39","date_gmt":"2022-07-17T03:30:39","guid":{"rendered":"https:\/\/diariosantacruz.com.ar\/?p=3438"},"modified":"2022-07-17T00:30:52","modified_gmt":"2022-07-17T03:30:52","slug":"calafate-adelantan-aumento-de-sueldos-a-municipales","status":"publish","type":"post","link":"https:\/\/www.diariosantacruz.com.ar\/?p=3438","title":{"rendered":"Calafate: Adelantan aumento de sueldos a Municipales"},"content":{"rendered":"\n<h2 class=\"wp-block-heading\">Javier Belloni decidi\u00f3 adelantar la fecha de pago del Aumento Salarial a los trabajadores Municipales de El Calafate que se hab\u00eda acordado para Octubre. <\/h2>\n\n\n\n<p class=\"wp-block-paragraph\">\u201cEl aumento de sueldos para empleados municipales, que en principio fue anunciado para octubre, se adelantar\u00e1 y ser\u00e1 percibido en el mes de julio\u201d. As\u00ed &nbsp;lo anunci\u00f3 el Intendente Javier Belloni este s\u00e1bado.&nbsp;<\/p>\n\n\n\n<p class=\"wp-block-paragraph\">El incremento que estaba previsto para octubre y se aplicar\u00e1 con la liquidaci\u00f3n de los pr\u00f3ximos sueldos, representa el 10% y se aplica sobre la base de los salarios actualizados con el 50% otorgado en febrero. \u201cDe esta manera llegamos al 65% en el 2022\u201d afirm\u00f3 el jefe comunal, agregando que el aumento incluye \u00edtems; antig\u00fcedad, asignaciones y t\u00edtulo.<\/p>\n\n\n\n<figure class=\"wp-block-image size-full\"><img loading=\"lazy\" decoding=\"async\" width=\"671\" height=\"390\" src=\"https:\/\/diariosantacruz.com.ar\/wp-content\/uploads\/2022\/07\/multimedia.normal.ad8f38e061cbff62.6d756e69636970616c65735f6e6f726d616c2e6a7067.jpg\" alt=\"\" class=\"wp-image-3439\" srcset=\"https:\/\/www.diariosantacruz.com.ar\/wp-content\/uploads\/2022\/07\/multimedia.normal.ad8f38e061cbff62.6d756e69636970616c65735f6e6f726d616c2e6a7067.jpg 671w, https:\/\/www.diariosantacruz.com.ar\/wp-content\/uploads\/2022\/07\/multimedia.normal.ad8f38e061cbff62.6d756e69636970616c65735f6e6f726d616c2e6a7067-300x174.jpg 300w\" sizes=\"auto, (max-width: 671px) 100vw, 671px\" \/><\/figure>\n\n\n\n<p class=\"wp-block-paragraph\">La decisi\u00f3n de adelantar el aumento se da en medio de un proceso inflacionario que estaba fuera de los c\u00e1lculos a comienzos de a\u00f1o. Con \u00faltimo dato conocido del INDEC, el Indice de Precios al Consumidor (IPC) se increment\u00f3 en un 5,1 % promedio para la Patagonia.&nbsp;<\/p>\n\n\n\n<p class=\"wp-block-paragraph\">Con este dato la inflaci\u00f3n acumulada en la Regi\u00f3n en lo que va de 2022 es del 36,2 %, y el acumulado en los \u00faltimos doce meses llega al 63,6 % (Fuente: Ahora Calafate)<\/p>\n\n\n\n<p class=\"wp-block-paragraph\"><\/p>\n","protected":false},"excerpt":{"rendered":"<p>Javier Belloni decidi\u00f3 adelantar la fecha de pago del Aumento Salarial a los trabajadores Municipales<\/p>\n","protected":false},"author":2,"featured_media":3439,"comment_status":"open","ping_status":"open","sticky":false,"template":"","format":"standard","meta":{"_monsterinsights_skip_tracking":false,"footnotes":""},"categories":[1],"tags":[437],"class_list":["post-3438","post","type-post","status-publish","format-standard","has-post-thumbnail","hentry","category-politica-3","tag-calafate"],"aioseo_notices":[],"aioseo_head":"\n\t\t<!-- All in One SEO 4.9.8 - aioseo.com -->\n\t<meta name=\"description\" content=\"Javier Belloni decidi\u00f3 adelantar la fecha de pago del Aumento Salarial a los trabajadores Municipales de El Calafate que se hab\u00eda acordado para Octubre. \u201cEl aumento de sueldos para empleados municipales, que en principio fue anunciado para octubre, se adelantar\u00e1 y ser\u00e1 percibido en el mes de julio\u201d. As\u00ed lo anunci\u00f3 el Intendente Javier Belloni\" \/>\n\t<meta name=\"robots\" content=\"max-image-preview:large\" \/>\n\t<meta name=\"author\" content=\"corresponsal\"\/>\n\t<link rel=\"canonical\" href=\"https:\/\/www.diariosantacruz.com.ar\/?p=3438\" \/>\n\t<meta name=\"generator\" content=\"All in One SEO (AIOSEO) 4.9.8\" \/>\n\t\t<meta property=\"og:locale\" content=\"es_ES\" \/>\n\t\t<meta property=\"og:site_name\" content=\"Diario Santa Cruz - Portal de Noticias de Santa Cruz\" \/>\n\t\t<meta property=\"og:type\" content=\"article\" \/>\n\t\t<meta property=\"og:title\" content=\"Calafate: Adelantan aumento de sueldos a Municipales - Diario Santa Cruz\" \/>\n\t\t<meta property=\"og:description\" content=\"Javier Belloni decidi\u00f3 adelantar la fecha de pago del Aumento Salarial a los trabajadores Municipales de El Calafate que se hab\u00eda acordado para Octubre. \u201cEl aumento de sueldos para empleados municipales, que en principio fue anunciado para octubre, se adelantar\u00e1 y ser\u00e1 percibido en el mes de julio\u201d. As\u00ed lo anunci\u00f3 el Intendente Javier Belloni\" \/>\n\t\t<meta property=\"og:url\" content=\"https:\/\/www.diariosantacruz.com.ar\/?p=3438\" \/>\n\t\t<meta property=\"article:published_time\" content=\"2022-07-17T03:30:39+00:00\" \/>\n\t\t<meta property=\"article:modified_time\" content=\"2022-07-17T03:30:52+00:00\" \/>\n\t\t<meta property=\"article:publisher\" content=\"https:\/\/www.facebook.com\/Diario-Santa-Cruz-144392651098710\" \/>\n\t\t<meta name=\"twitter:card\" content=\"summary\" \/>\n\t\t<meta name=\"twitter:site\" content=\"@mayorgaelio\" \/>\n\t\t<meta name=\"twitter:title\" content=\"Calafate: Adelantan aumento de sueldos a Municipales - Diario Santa Cruz\" \/>\n\t\t<meta name=\"twitter:description\" content=\"Javier Belloni decidi\u00f3 adelantar la fecha de pago del Aumento Salarial a los trabajadores Municipales de El Calafate que se hab\u00eda acordado para Octubre. \u201cEl aumento de sueldos para empleados municipales, que en principio fue anunciado para octubre, se adelantar\u00e1 y ser\u00e1 percibido en el mes de julio\u201d. As\u00ed lo anunci\u00f3 el Intendente Javier Belloni\" \/>\n\t\t<meta name=\"twitter:creator\" content=\"@mayorgaelio\" \/>\n\t\t<script type=\"application\/ld+json\" class=\"aioseo-schema\">\n\t\t\t{\"@context\":\"https:\\\/\\\/schema.org\",\"@graph\":[{\"@type\":\"BlogPosting\",\"@id\":\"https:\\\/\\\/www.diariosantacruz.com.ar\\\/?p=3438#blogposting\",\"name\":\"Calafate: Adelantan aumento de sueldos a Municipales - Diario Santa Cruz\",\"headline\":\"Calafate: Adelantan aumento de sueldos a Municipales\",\"author\":{\"@id\":\"https:\\\/\\\/www.diariosantacruz.com.ar\\\/?author=2#author\"},\"publisher\":{\"@id\":\"https:\\\/\\\/www.diariosantacruz.com.ar\\\/#organization\"},\"image\":{\"@type\":\"ImageObject\",\"url\":\"https:\\\/\\\/www.diariosantacruz.com.ar\\\/wp-content\\\/uploads\\\/2022\\\/07\\\/multimedia.normal.ad8f38e061cbff62.6d756e69636970616c65735f6e6f726d616c2e6a7067.jpg\",\"width\":671,\"height\":390},\"datePublished\":\"2022-07-17T00:30:39-03:00\",\"dateModified\":\"2022-07-17T00:30:52-03:00\",\"inLanguage\":\"es-ES\",\"mainEntityOfPage\":{\"@id\":\"https:\\\/\\\/www.diariosantacruz.com.ar\\\/?p=3438#webpage\"},\"isPartOf\":{\"@id\":\"https:\\\/\\\/www.diariosantacruz.com.ar\\\/?p=3438#webpage\"},\"articleSection\":\"politica, CALAFATE\"},{\"@type\":\"BreadcrumbList\",\"@id\":\"https:\\\/\\\/www.diariosantacruz.com.ar\\\/?p=3438#breadcrumblist\",\"itemListElement\":[{\"@type\":\"ListItem\",\"@id\":\"https:\\\/\\\/www.diariosantacruz.com.ar#listItem\",\"position\":1,\"name\":\"Inicio\",\"item\":\"https:\\\/\\\/www.diariosantacruz.com.ar\",\"nextItem\":{\"@type\":\"ListItem\",\"@id\":\"https:\\\/\\\/www.diariosantacruz.com.ar\\\/?cat=1#listItem\",\"name\":\"politica\"}},{\"@type\":\"ListItem\",\"@id\":\"https:\\\/\\\/www.diariosantacruz.com.ar\\\/?cat=1#listItem\",\"position\":2,\"name\":\"politica\",\"item\":\"https:\\\/\\\/www.diariosantacruz.com.ar\\\/?cat=1\",\"nextItem\":{\"@type\":\"ListItem\",\"@id\":\"https:\\\/\\\/www.diariosantacruz.com.ar\\\/?p=3438#listItem\",\"name\":\"Calafate: Adelantan aumento de sueldos a Municipales\"},\"previousItem\":{\"@type\":\"ListItem\",\"@id\":\"https:\\\/\\\/www.diariosantacruz.com.ar#listItem\",\"name\":\"Inicio\"}},{\"@type\":\"ListItem\",\"@id\":\"https:\\\/\\\/www.diariosantacruz.com.ar\\\/?p=3438#listItem\",\"position\":3,\"name\":\"Calafate: Adelantan aumento de sueldos a Municipales\",\"previousItem\":{\"@type\":\"ListItem\",\"@id\":\"https:\\\/\\\/www.diariosantacruz.com.ar\\\/?cat=1#listItem\",\"name\":\"politica\"}}]},{\"@type\":\"Organization\",\"@id\":\"https:\\\/\\\/www.diariosantacruz.com.ar\\\/#organization\",\"name\":\"Diario Santa Cruz\",\"description\":\"Portal de Noticias de Santa Cruz\",\"url\":\"https:\\\/\\\/www.diariosantacruz.com.ar\\\/\",\"sameAs\":[\"https:\\\/\\\/www.facebook.com\\\/Diario-Santa-Cruz-144392651098710\",\"https:\\\/\\\/www.twitter.com\\\/@mayorgaelio\",\"https:\\\/\\\/www.instagram.com\\\/diariosantacruz\\\/\"]},{\"@type\":\"Person\",\"@id\":\"https:\\\/\\\/www.diariosantacruz.com.ar\\\/?author=2#author\",\"url\":\"https:\\\/\\\/www.diariosantacruz.com.ar\\\/?author=2\",\"name\":\"corresponsal\",\"image\":{\"@type\":\"ImageObject\",\"@id\":\"https:\\\/\\\/www.diariosantacruz.com.ar\\\/?p=3438#authorImage\",\"url\":\"https:\\\/\\\/secure.gravatar.com\\\/avatar\\\/1a09ae462a829db06a34bd6218429bede00a69f031224cb1dd695e7e1effd620?s=96&d=mm&r=g\",\"width\":96,\"height\":96,\"caption\":\"corresponsal\"}},{\"@type\":\"WebPage\",\"@id\":\"https:\\\/\\\/www.diariosantacruz.com.ar\\\/?p=3438#webpage\",\"url\":\"https:\\\/\\\/www.diariosantacruz.com.ar\\\/?p=3438\",\"name\":\"Calafate: Adelantan aumento de sueldos a Municipales - Diario Santa Cruz\",\"description\":\"Javier Belloni decidi\\u00f3 adelantar la fecha de pago del Aumento Salarial a los trabajadores Municipales de El Calafate que se hab\\u00eda acordado para Octubre. \\u201cEl aumento de sueldos para empleados municipales, que en principio fue anunciado para octubre, se adelantar\\u00e1 y ser\\u00e1 percibido en el mes de julio\\u201d. As\\u00ed lo anunci\\u00f3 el Intendente Javier Belloni\",\"inLanguage\":\"es-ES\",\"isPartOf\":{\"@id\":\"https:\\\/\\\/www.diariosantacruz.com.ar\\\/#website\"},\"breadcrumb\":{\"@id\":\"https:\\\/\\\/www.diariosantacruz.com.ar\\\/?p=3438#breadcrumblist\"},\"author\":{\"@id\":\"https:\\\/\\\/www.diariosantacruz.com.ar\\\/?author=2#author\"},\"creator\":{\"@id\":\"https:\\\/\\\/www.diariosantacruz.com.ar\\\/?author=2#author\"},\"image\":{\"@type\":\"ImageObject\",\"url\":\"https:\\\/\\\/www.diariosantacruz.com.ar\\\/wp-content\\\/uploads\\\/2022\\\/07\\\/multimedia.normal.ad8f38e061cbff62.6d756e69636970616c65735f6e6f726d616c2e6a7067.jpg\",\"@id\":\"https:\\\/\\\/www.diariosantacruz.com.ar\\\/?p=3438\\\/#mainImage\",\"width\":671,\"height\":390},\"primaryImageOfPage\":{\"@id\":\"https:\\\/\\\/www.diariosantacruz.com.ar\\\/?p=3438#mainImage\"},\"datePublished\":\"2022-07-17T00:30:39-03:00\",\"dateModified\":\"2022-07-17T00:30:52-03:00\"},{\"@type\":\"WebSite\",\"@id\":\"https:\\\/\\\/www.diariosantacruz.com.ar\\\/#website\",\"url\":\"https:\\\/\\\/www.diariosantacruz.com.ar\\\/\",\"name\":\"Diario Santa Cruz\",\"description\":\"Portal de Noticias de Santa Cruz\",\"inLanguage\":\"es-ES\",\"publisher\":{\"@id\":\"https:\\\/\\\/www.diariosantacruz.com.ar\\\/#organization\"}}]}\n\t\t<\/script>\n\t\t<!-- All in One SEO -->\n\n","aioseo_head_json":{"title":"Calafate: Adelantan aumento de sueldos a Municipales - Diario Santa Cruz","description":"Javier Belloni decidi\u00f3 adelantar la fecha de pago del Aumento Salarial a los trabajadores Municipales de El Calafate que se hab\u00eda acordado para Octubre. \u201cEl aumento de sueldos para empleados municipales, que en principio fue anunciado para octubre, se adelantar\u00e1 y ser\u00e1 percibido en el mes de julio\u201d. As\u00ed lo anunci\u00f3 el Intendente Javier Belloni","canonical_url":"https:\/\/www.diariosantacruz.com.ar\/?p=3438","robots":"max-image-preview:large","keywords":"","webmasterTools":{"miscellaneous":""},"schema":{"@context":"https:\/\/schema.org","@graph":[{"@type":"BlogPosting","@id":"https:\/\/www.diariosantacruz.com.ar\/?p=3438#blogposting","name":"Calafate: Adelantan aumento de sueldos a Municipales - Diario Santa Cruz","headline":"Calafate: Adelantan aumento de sueldos a Municipales","author":{"@id":"https:\/\/www.diariosantacruz.com.ar\/?author=2#author"},"publisher":{"@id":"https:\/\/www.diariosantacruz.com.ar\/#organization"},"image":{"@type":"ImageObject","url":"https:\/\/www.diariosantacruz.com.ar\/wp-content\/uploads\/2022\/07\/multimedia.normal.ad8f38e061cbff62.6d756e69636970616c65735f6e6f726d616c2e6a7067.jpg","width":671,"height":390},"datePublished":"2022-07-17T00:30:39-03:00","dateModified":"2022-07-17T00:30:52-03:00","inLanguage":"es-ES","mainEntityOfPage":{"@id":"https:\/\/www.diariosantacruz.com.ar\/?p=3438#webpage"},"isPartOf":{"@id":"https:\/\/www.diariosantacruz.com.ar\/?p=3438#webpage"},"articleSection":"politica, CALAFATE"},{"@type":"BreadcrumbList","@id":"https:\/\/www.diariosantacruz.com.ar\/?p=3438#breadcrumblist","itemListElement":[{"@type":"ListItem","@id":"https:\/\/www.diariosantacruz.com.ar#listItem","position":1,"name":"Inicio","item":"https:\/\/www.diariosantacruz.com.ar","nextItem":{"@type":"ListItem","@id":"https:\/\/www.diariosantacruz.com.ar\/?cat=1#listItem","name":"politica"}},{"@type":"ListItem","@id":"https:\/\/www.diariosantacruz.com.ar\/?cat=1#listItem","position":2,"name":"politica","item":"https:\/\/www.diariosantacruz.com.ar\/?cat=1","nextItem":{"@type":"ListItem","@id":"https:\/\/www.diariosantacruz.com.ar\/?p=3438#listItem","name":"Calafate: Adelantan aumento de sueldos a Municipales"},"previousItem":{"@type":"ListItem","@id":"https:\/\/www.diariosantacruz.com.ar#listItem","name":"Inicio"}},{"@type":"ListItem","@id":"https:\/\/www.diariosantacruz.com.ar\/?p=3438#listItem","position":3,"name":"Calafate: Adelantan aumento de sueldos a Municipales","previousItem":{"@type":"ListItem","@id":"https:\/\/www.diariosantacruz.com.ar\/?cat=1#listItem","name":"politica"}}]},{"@type":"Organization","@id":"https:\/\/www.diariosantacruz.com.ar\/#organization","name":"Diario Santa Cruz","description":"Portal de Noticias de Santa Cruz","url":"https:\/\/www.diariosantacruz.com.ar\/","sameAs":["https:\/\/www.facebook.com\/Diario-Santa-Cruz-144392651098710","https:\/\/www.twitter.com\/@mayorgaelio","https:\/\/www.instagram.com\/diariosantacruz\/"]},{"@type":"Person","@id":"https:\/\/www.diariosantacruz.com.ar\/?author=2#author","url":"https:\/\/www.diariosantacruz.com.ar\/?author=2","name":"corresponsal","image":{"@type":"ImageObject","@id":"https:\/\/www.diariosantacruz.com.ar\/?p=3438#authorImage","url":"https:\/\/secure.gravatar.com\/avatar\/1a09ae462a829db06a34bd6218429bede00a69f031224cb1dd695e7e1effd620?s=96&d=mm&r=g","width":96,"height":96,"caption":"corresponsal"}},{"@type":"WebPage","@id":"https:\/\/www.diariosantacruz.com.ar\/?p=3438#webpage","url":"https:\/\/www.diariosantacruz.com.ar\/?p=3438","name":"Calafate: Adelantan aumento de sueldos a Municipales - Diario Santa Cruz","description":"Javier Belloni decidi\u00f3 adelantar la fecha de pago del Aumento Salarial a los trabajadores Municipales de El Calafate que se hab\u00eda acordado para Octubre. \u201cEl aumento de sueldos para empleados municipales, que en principio fue anunciado para octubre, se adelantar\u00e1 y ser\u00e1 percibido en el mes de julio\u201d. As\u00ed lo anunci\u00f3 el Intendente Javier Belloni","inLanguage":"es-ES","isPartOf":{"@id":"https:\/\/www.diariosantacruz.com.ar\/#website"},"breadcrumb":{"@id":"https:\/\/www.diariosantacruz.com.ar\/?p=3438#breadcrumblist"},"author":{"@id":"https:\/\/www.diariosantacruz.com.ar\/?author=2#author"},"creator":{"@id":"https:\/\/www.diariosantacruz.com.ar\/?author=2#author"},"image":{"@type":"ImageObject","url":"https:\/\/www.diariosantacruz.com.ar\/wp-content\/uploads\/2022\/07\/multimedia.normal.ad8f38e061cbff62.6d756e69636970616c65735f6e6f726d616c2e6a7067.jpg","@id":"https:\/\/www.diariosantacruz.com.ar\/?p=3438\/#mainImage","width":671,"height":390},"primaryImageOfPage":{"@id":"https:\/\/www.diariosantacruz.com.ar\/?p=3438#mainImage"},"datePublished":"2022-07-17T00:30:39-03:00","dateModified":"2022-07-17T00:30:52-03:00"},{"@type":"WebSite","@id":"https:\/\/www.diariosantacruz.com.ar\/#website","url":"https:\/\/www.diariosantacruz.com.ar\/","name":"Diario Santa Cruz","description":"Portal de Noticias de Santa Cruz","inLanguage":"es-ES","publisher":{"@id":"https:\/\/www.diariosantacruz.com.ar\/#organization"}}]},"og:locale":"es_ES","og:site_name":"Diario Santa Cruz - Portal de Noticias de Santa Cruz","og:type":"article","og:title":"Calafate: Adelantan aumento de sueldos a Municipales - Diario Santa Cruz","og:description":"Javier Belloni decidi\u00f3 adelantar la fecha de pago del Aumento Salarial a los trabajadores Municipales de El Calafate que se hab\u00eda acordado para Octubre. \u201cEl aumento de sueldos para empleados municipales, que en principio fue anunciado para octubre, se adelantar\u00e1 y ser\u00e1 percibido en el mes de julio\u201d. As\u00ed lo anunci\u00f3 el Intendente Javier Belloni","og:url":"https:\/\/www.diariosantacruz.com.ar\/?p=3438","article:published_time":"2022-07-17T03:30:39+00:00","article:modified_time":"2022-07-17T03:30:52+00:00","article:publisher":"https:\/\/www.facebook.com\/Diario-Santa-Cruz-144392651098710","twitter:card":"summary","twitter:site":"@mayorgaelio","twitter:title":"Calafate: Adelantan aumento de sueldos a Municipales - Diario Santa Cruz","twitter:description":"Javier Belloni decidi\u00f3 adelantar la fecha de pago del Aumento Salarial a los trabajadores Municipales de El Calafate que se hab\u00eda acordado para Octubre. \u201cEl aumento de sueldos para empleados municipales, que en principio fue anunciado para octubre, se adelantar\u00e1 y ser\u00e1 percibido en el mes de julio\u201d. As\u00ed lo anunci\u00f3 el Intendente Javier Belloni","twitter:creator":"@mayorgaelio"},"aioseo_meta_data":{"post_id":"3438","title":null,"description":null,"keywords":[],"keyphrases":{"focus":{"keyphrase":"","score":0,"analysis":{"keyphraseInTitle":{"score":0,"maxScore":9,"error":1}}},"additional":[]},"primary_term":null,"canonical_url":null,"og_title":null,"og_description":null,"og_object_type":"default","og_image_type":"default","og_image_url":null,"og_image_width":null,"og_image_height":null,"og_image_custom_url":null,"og_image_custom_fields":null,"og_video":"","og_custom_url":null,"og_article_section":null,"og_article_tags":[],"twitter_use_og":false,"twitter_card":"default","twitter_image_type":"default","twitter_image_url":null,"twitter_image_custom_url":null,"twitter_image_custom_fields":null,"twitter_title":null,"twitter_description":null,"schema":{"blockGraphs":[],"customGraphs":[],"default":{"data":{"Article":[],"Course":[],"Dataset":[],"FAQPage":[],"Movie":[],"Person":[],"Product":[],"ProductReview":[],"Car":[],"Recipe":[],"Service":[],"SoftwareApplication":[],"WebPage":[]},"graphName":"","isEnabled":true},"graphs":[]},"schema_type":"default","schema_type_options":"{\"article\":{\"articleType\":\"BlogPosting\"},\"course\":{\"name\":\"\",\"description\":\"\",\"provider\":\"\"},\"faq\":{\"pages\":[]},\"product\":{\"reviews\":[]},\"recipe\":{\"ingredients\":[],\"instructions\":[],\"keywords\":[]},\"software\":{\"reviews\":[],\"operatingSystems\":[]},\"webPage\":{\"webPageType\":\"WebPage\"}}","pillar_content":false,"robots_default":true,"robots_noindex":false,"robots_noarchive":false,"robots_nosnippet":false,"robots_nofollow":false,"robots_noimageindex":false,"robots_noodp":false,"robots_notranslate":false,"robots_max_snippet":"-1","robots_max_videopreview":"-1","robots_max_imagepreview":"large","priority":null,"frequency":"default","local_seo":null,"breadcrumb_settings":null,"limit_modified_date":false,"ai":null,"created":"2022-07-17 03:30:52","updated":"2025-06-05 03:01:51","seo_analyzer_scan_date":null},"aioseo_breadcrumb":"<div class=\"aioseo-breadcrumbs\"><span class=\"aioseo-breadcrumb\">\n\t\t\t<a href=\"https:\/\/www.diariosantacruz.com.ar\" title=\"Inicio\">Inicio<\/a>\n\t\t<\/span><span class=\"aioseo-breadcrumb-separator\">&raquo;<\/span><span class=\"aioseo-breadcrumb\">\n\t\t\t<a href=\"https:\/\/www.diariosantacruz.com.ar\/?cat=1\" title=\"politica\">politica<\/a>\n\t\t<\/span><span class=\"aioseo-breadcrumb-separator\">&raquo;<\/span><span class=\"aioseo-breadcrumb\">\n\t\t\tCalafate: Adelantan aumento de sueldos a Municipales\n\t\t<\/span><\/div>","aioseo_breadcrumb_json":[{"label":"Inicio","link":"https:\/\/www.diariosantacruz.com.ar"},{"label":"politica","link":"https:\/\/www.diariosantacruz.com.ar\/?cat=1"},{"label":"Calafate: Adelantan aumento de sueldos a Municipales","link":"https:\/\/www.diariosantacruz.com.ar\/?p=3438"}],"_links":{"self":[{"href":"https:\/\/www.diariosantacruz.com.ar\/index.php?rest_route=\/wp\/v2\/posts\/3438","targetHints":{"allow":["GET"]}}],"collection":[{"href":"https:\/\/www.diariosantacruz.com.ar\/index.php?rest_route=\/wp\/v2\/posts"}],"about":[{"href":"https:\/\/www.diariosantacruz.com.ar\/index.php?rest_route=\/wp\/v2\/types\/post"}],"author":[{"embeddable":true,"href":"https:\/\/www.diariosantacruz.com.ar\/index.php?rest_route=\/wp\/v2\/users\/2"}],"replies":[{"embeddable":true,"href":"https:\/\/www.diariosantacruz.com.ar\/index.php?rest_route=%2Fwp%2Fv2%2Fcomments&post=3438"}],"version-history":[{"count":1,"href":"https:\/\/www.diariosantacruz.com.ar\/index.php?rest_route=\/wp\/v2\/posts\/3438\/revisions"}],"predecessor-version":[{"id":3440,"href":"https:\/\/www.diariosantacruz.com.ar\/index.php?rest_route=\/wp\/v2\/posts\/3438\/revisions\/3440"}],"wp:featuredmedia":[{"embeddable":true,"href":"https:\/\/www.diariosantacruz.com.ar\/index.php?rest_route=\/wp\/v2\/media\/3439"}],"wp:attachment":[{"href":"https:\/\/www.diariosantacruz.com.ar\/index.php?rest_route=%2Fwp%2Fv2%2Fmedia&parent=3438"}],"wp:term":[{"taxonomy":"category","embeddable":true,"href":"https:\/\/www.diariosantacruz.com.ar\/index.php?rest_route=%2Fwp%2Fv2%2Fcategories&post=3438"},{"taxonomy":"post_tag","embeddable":true,"href":"https:\/\/www.diariosantacruz.com.ar\/index.php?rest_route=%2Fwp%2Fv2%2Ftags&post=3438"}],"curies":[{"name":"wp","href":"https:\/\/api.w.org\/{rel}","templated":true}]}}