{"id":4235,"date":"2022-10-17T22:36:55","date_gmt":"2022-10-18T01:36:55","guid":{"rendered":"https:\/\/diariosantacruz.com.ar\/?p=4235"},"modified":"2022-10-17T22:36:57","modified_gmt":"2022-10-18T01:36:57","slug":"el-gobierno-provincial-emitio-alerta-por-marea-roja","status":"publish","type":"post","link":"https:\/\/www.diariosantacruz.com.ar\/?p=4235","title":{"rendered":"El Gobierno Provincial emiti\u00f3 alerta por marea roja"},"content":{"rendered":"\n<h2 class=\"wp-block-heading\">El Gobierno de Santa Cruz, a trav\u00e9s del Ministerio de la Producci\u00f3n, Comercio e Industria, informa que este lunes la Direcci\u00f3n de Bromatolog\u00eda del Gobierno de Chubut notific\u00f3 la presencia de toxinas paralizantes de los moluscos (TPM) en concentraciones mayores al l\u00edmite m\u00e1ximo permitido para el consumo humano, tambi\u00e9n en las playas del sur de la provincia vecina, en el Golfo San Jorge.<\/h2>\n\n\n\n<p class=\"wp-block-paragraph\">Por ello, la Secretar\u00eda de Pesca y Acuicultura de Santa Cruz recuerda la prohibici\u00f3n de la recolecci\u00f3n de moluscos bivalvos, y solicitan a la comunidad no consumir moluscos y\/o mariscos cuyo origen no garantice los controles bromatol\u00f3gicos correspondientes, debido a que la presencia de estas toxinas puede ocasionar afecciones gastrointestinales, trastornos neurol\u00f3gicos y hasta dificultades respiratorias.<\/p>\n\n\n\n<p class=\"wp-block-paragraph\"><strong>\u00bfC\u00f3mo prevenir intoxicaciones?<\/strong><\/p>\n\n\n\n<p class=\"wp-block-paragraph\">Los consejos para evitar riesgos en la salud son:<\/p>\n\n\n\n<p class=\"wp-block-paragraph\">&#8211; No recolectar moluscos y\/o mariscos en las playas para el consumo casero.<\/p>\n\n\n\n<p class=\"wp-block-paragraph\">&#8211; Respetar las disposiciones, ordenanzas y avisos p\u00fablicos de vedas a la extracci\u00f3n y consumo de moluscos.<\/p>\n\n\n\n<p class=\"wp-block-paragraph\">&#8211; No adquirir preparaciones elaboradas con mariscos (conservas, ensaladas, paellas, etc.) en puestos callejeros o locales que no tengan habilitaci\u00f3n bromatol\u00f3gica.<\/p>\n\n\n\n<p class=\"wp-block-paragraph\">&#8211; No comprar mariscos frescos \u201cal pie del barco\u201d, en escolleras o los que puedan ofrecer recolectores no autorizados.<\/p>\n\n\n\n<p class=\"wp-block-paragraph\">&#8211; No comprar moluscos que no cuenten con el correspondiente certificado sanitario emitido por un organismo oficial.<\/p>\n\n\n\n<p class=\"wp-block-paragraph\">&#8211; Comprar o consumir mariscos solo en pescader\u00edas, restaurantes o locales de comidas debidamente habilitados.<\/p>\n\n\n\n<p class=\"wp-block-paragraph\"><strong>Es clave destacar que las toxinas no son inactivadas por la cocci\u00f3n, el agregado de vinagre o lim\u00f3n, o por el consumo de alcohol. Tampoco existen ant\u00eddotos.<\/strong><\/p>\n\n\n\n<figure class=\"wp-block-image size-full\"><img loading=\"lazy\" decoding=\"async\" width=\"448\" height=\"537\" src=\"https:\/\/diariosantacruz.com.ar\/wp-content\/uploads\/2022\/10\/Captura1.jpg\" alt=\"\" class=\"wp-image-4236\" srcset=\"https:\/\/www.diariosantacruz.com.ar\/wp-content\/uploads\/2022\/10\/Captura1.jpg 448w, https:\/\/www.diariosantacruz.com.ar\/wp-content\/uploads\/2022\/10\/Captura1-250x300.jpg 250w\" sizes=\"auto, (max-width: 448px) 100vw, 448px\" \/><\/figure>\n","protected":false},"excerpt":{"rendered":"<p>El Gobierno de Santa Cruz, a trav\u00e9s del Ministerio de la Producci\u00f3n, Comercio e Industria,<\/p>\n","protected":false},"author":2,"featured_media":4236,"comment_status":"open","ping_status":"open","sticky":false,"template":"","format":"standard","meta":{"_monsterinsights_skip_tracking":false,"footnotes":""},"categories":[27],"tags":[680],"class_list":["post-4235","post","type-post","status-publish","format-standard","has-post-thumbnail","hentry","category-sociedad","tag-marea-roja"],"aioseo_notices":[],"aioseo_head":"\n\t\t<!-- All in One SEO 4.9.8 - aioseo.com -->\n\t<meta name=\"description\" content=\"El Gobierno de Santa Cruz, a trav\u00e9s del Ministerio de la Producci\u00f3n, Comercio e Industria, informa que este lunes la Direcci\u00f3n de Bromatolog\u00eda del Gobierno de Chubut notific\u00f3 la presencia de toxinas paralizantes de los moluscos (TPM) en concentraciones mayores al l\u00edmite m\u00e1ximo permitido para el consumo humano, tambi\u00e9n en las playas del sur de\" \/>\n\t<meta name=\"robots\" content=\"max-image-preview:large\" \/>\n\t<meta name=\"author\" content=\"corresponsal\"\/>\n\t<link rel=\"canonical\" href=\"https:\/\/www.diariosantacruz.com.ar\/?p=4235\" \/>\n\t<meta name=\"generator\" content=\"All in One SEO (AIOSEO) 4.9.8\" \/>\n\t\t<meta property=\"og:locale\" content=\"es_ES\" \/>\n\t\t<meta property=\"og:site_name\" content=\"Diario Santa Cruz - Portal de Noticias de Santa Cruz\" \/>\n\t\t<meta property=\"og:type\" content=\"article\" \/>\n\t\t<meta property=\"og:title\" content=\"El Gobierno Provincial emiti\u00f3 alerta por marea roja - Diario Santa Cruz\" \/>\n\t\t<meta property=\"og:description\" content=\"El Gobierno de Santa Cruz, a trav\u00e9s del Ministerio de la Producci\u00f3n, Comercio e Industria, informa que este lunes la Direcci\u00f3n de Bromatolog\u00eda del Gobierno de Chubut notific\u00f3 la presencia de toxinas paralizantes de los moluscos (TPM) en concentraciones mayores al l\u00edmite m\u00e1ximo permitido para el consumo humano, tambi\u00e9n en las playas del sur de\" \/>\n\t\t<meta property=\"og:url\" content=\"https:\/\/www.diariosantacruz.com.ar\/?p=4235\" \/>\n\t\t<meta property=\"article:published_time\" content=\"2022-10-18T01:36:55+00:00\" \/>\n\t\t<meta property=\"article:modified_time\" content=\"2022-10-18T01:36:57+00:00\" \/>\n\t\t<meta property=\"article:publisher\" content=\"https:\/\/www.facebook.com\/Diario-Santa-Cruz-144392651098710\" \/>\n\t\t<meta name=\"twitter:card\" content=\"summary\" \/>\n\t\t<meta name=\"twitter:site\" content=\"@mayorgaelio\" \/>\n\t\t<meta name=\"twitter:title\" content=\"El Gobierno Provincial emiti\u00f3 alerta por marea roja - Diario Santa Cruz\" \/>\n\t\t<meta name=\"twitter:description\" content=\"El Gobierno de Santa Cruz, a trav\u00e9s del Ministerio de la Producci\u00f3n, Comercio e Industria, informa que este lunes la Direcci\u00f3n de Bromatolog\u00eda del Gobierno de Chubut notific\u00f3 la presencia de toxinas paralizantes de los moluscos (TPM) en concentraciones mayores al l\u00edmite m\u00e1ximo permitido para el consumo humano, tambi\u00e9n en las playas del sur de\" \/>\n\t\t<meta name=\"twitter:creator\" content=\"@mayorgaelio\" \/>\n\t\t<script type=\"application\/ld+json\" class=\"aioseo-schema\">\n\t\t\t{\"@context\":\"https:\\\/\\\/schema.org\",\"@graph\":[{\"@type\":\"BlogPosting\",\"@id\":\"https:\\\/\\\/www.diariosantacruz.com.ar\\\/?p=4235#blogposting\",\"name\":\"El Gobierno Provincial emiti\\u00f3 alerta por marea roja - Diario Santa Cruz\",\"headline\":\"El Gobierno Provincial emiti\\u00f3 alerta por marea roja\",\"author\":{\"@id\":\"https:\\\/\\\/www.diariosantacruz.com.ar\\\/?author=2#author\"},\"publisher\":{\"@id\":\"https:\\\/\\\/www.diariosantacruz.com.ar\\\/#organization\"},\"image\":{\"@type\":\"ImageObject\",\"url\":\"https:\\\/\\\/www.diariosantacruz.com.ar\\\/wp-content\\\/uploads\\\/2022\\\/10\\\/Captura1.jpg\",\"width\":448,\"height\":537},\"datePublished\":\"2022-10-17T22:36:55-03:00\",\"dateModified\":\"2022-10-17T22:36:57-03:00\",\"inLanguage\":\"es-ES\",\"mainEntityOfPage\":{\"@id\":\"https:\\\/\\\/www.diariosantacruz.com.ar\\\/?p=4235#webpage\"},\"isPartOf\":{\"@id\":\"https:\\\/\\\/www.diariosantacruz.com.ar\\\/?p=4235#webpage\"},\"articleSection\":\"Sociedad, marea roja\"},{\"@type\":\"BreadcrumbList\",\"@id\":\"https:\\\/\\\/www.diariosantacruz.com.ar\\\/?p=4235#breadcrumblist\",\"itemListElement\":[{\"@type\":\"ListItem\",\"@id\":\"https:\\\/\\\/www.diariosantacruz.com.ar#listItem\",\"position\":1,\"name\":\"Inicio\",\"item\":\"https:\\\/\\\/www.diariosantacruz.com.ar\",\"nextItem\":{\"@type\":\"ListItem\",\"@id\":\"https:\\\/\\\/www.diariosantacruz.com.ar\\\/?cat=27#listItem\",\"name\":\"Sociedad\"}},{\"@type\":\"ListItem\",\"@id\":\"https:\\\/\\\/www.diariosantacruz.com.ar\\\/?cat=27#listItem\",\"position\":2,\"name\":\"Sociedad\",\"item\":\"https:\\\/\\\/www.diariosantacruz.com.ar\\\/?cat=27\",\"nextItem\":{\"@type\":\"ListItem\",\"@id\":\"https:\\\/\\\/www.diariosantacruz.com.ar\\\/?p=4235#listItem\",\"name\":\"El Gobierno Provincial emiti\\u00f3 alerta por marea roja\"},\"previousItem\":{\"@type\":\"ListItem\",\"@id\":\"https:\\\/\\\/www.diariosantacruz.com.ar#listItem\",\"name\":\"Inicio\"}},{\"@type\":\"ListItem\",\"@id\":\"https:\\\/\\\/www.diariosantacruz.com.ar\\\/?p=4235#listItem\",\"position\":3,\"name\":\"El Gobierno Provincial emiti\\u00f3 alerta por marea roja\",\"previousItem\":{\"@type\":\"ListItem\",\"@id\":\"https:\\\/\\\/www.diariosantacruz.com.ar\\\/?cat=27#listItem\",\"name\":\"Sociedad\"}}]},{\"@type\":\"Organization\",\"@id\":\"https:\\\/\\\/www.diariosantacruz.com.ar\\\/#organization\",\"name\":\"Diario Santa Cruz\",\"description\":\"Portal de Noticias de Santa Cruz\",\"url\":\"https:\\\/\\\/www.diariosantacruz.com.ar\\\/\",\"sameAs\":[\"https:\\\/\\\/www.facebook.com\\\/Diario-Santa-Cruz-144392651098710\",\"https:\\\/\\\/www.twitter.com\\\/@mayorgaelio\",\"https:\\\/\\\/www.instagram.com\\\/diariosantacruz\\\/\"]},{\"@type\":\"Person\",\"@id\":\"https:\\\/\\\/www.diariosantacruz.com.ar\\\/?author=2#author\",\"url\":\"https:\\\/\\\/www.diariosantacruz.com.ar\\\/?author=2\",\"name\":\"corresponsal\",\"image\":{\"@type\":\"ImageObject\",\"@id\":\"https:\\\/\\\/www.diariosantacruz.com.ar\\\/?p=4235#authorImage\",\"url\":\"https:\\\/\\\/secure.gravatar.com\\\/avatar\\\/1a09ae462a829db06a34bd6218429bede00a69f031224cb1dd695e7e1effd620?s=96&d=mm&r=g\",\"width\":96,\"height\":96,\"caption\":\"corresponsal\"}},{\"@type\":\"WebPage\",\"@id\":\"https:\\\/\\\/www.diariosantacruz.com.ar\\\/?p=4235#webpage\",\"url\":\"https:\\\/\\\/www.diariosantacruz.com.ar\\\/?p=4235\",\"name\":\"El Gobierno Provincial emiti\\u00f3 alerta por marea roja - Diario Santa Cruz\",\"description\":\"El Gobierno de Santa Cruz, a trav\\u00e9s del Ministerio de la Producci\\u00f3n, Comercio e Industria, informa que este lunes la Direcci\\u00f3n de Bromatolog\\u00eda del Gobierno de Chubut notific\\u00f3 la presencia de toxinas paralizantes de los moluscos (TPM) en concentraciones mayores al l\\u00edmite m\\u00e1ximo permitido para el consumo humano, tambi\\u00e9n en las playas del sur de\",\"inLanguage\":\"es-ES\",\"isPartOf\":{\"@id\":\"https:\\\/\\\/www.diariosantacruz.com.ar\\\/#website\"},\"breadcrumb\":{\"@id\":\"https:\\\/\\\/www.diariosantacruz.com.ar\\\/?p=4235#breadcrumblist\"},\"author\":{\"@id\":\"https:\\\/\\\/www.diariosantacruz.com.ar\\\/?author=2#author\"},\"creator\":{\"@id\":\"https:\\\/\\\/www.diariosantacruz.com.ar\\\/?author=2#author\"},\"image\":{\"@type\":\"ImageObject\",\"url\":\"https:\\\/\\\/www.diariosantacruz.com.ar\\\/wp-content\\\/uploads\\\/2022\\\/10\\\/Captura1.jpg\",\"@id\":\"https:\\\/\\\/www.diariosantacruz.com.ar\\\/?p=4235\\\/#mainImage\",\"width\":448,\"height\":537},\"primaryImageOfPage\":{\"@id\":\"https:\\\/\\\/www.diariosantacruz.com.ar\\\/?p=4235#mainImage\"},\"datePublished\":\"2022-10-17T22:36:55-03:00\",\"dateModified\":\"2022-10-17T22:36:57-03:00\"},{\"@type\":\"WebSite\",\"@id\":\"https:\\\/\\\/www.diariosantacruz.com.ar\\\/#website\",\"url\":\"https:\\\/\\\/www.diariosantacruz.com.ar\\\/\",\"name\":\"Diario Santa Cruz\",\"description\":\"Portal de Noticias de Santa Cruz\",\"inLanguage\":\"es-ES\",\"publisher\":{\"@id\":\"https:\\\/\\\/www.diariosantacruz.com.ar\\\/#organization\"}}]}\n\t\t<\/script>\n\t\t<!-- All in One SEO -->\n\n","aioseo_head_json":{"title":"El Gobierno Provincial emiti\u00f3 alerta por marea roja - Diario Santa Cruz","description":"El Gobierno de Santa Cruz, a trav\u00e9s del Ministerio de la Producci\u00f3n, Comercio e Industria, informa que este lunes la Direcci\u00f3n de Bromatolog\u00eda del Gobierno de Chubut notific\u00f3 la presencia de toxinas paralizantes de los moluscos (TPM) en concentraciones mayores al l\u00edmite m\u00e1ximo permitido para el consumo humano, tambi\u00e9n en las playas del sur de","canonical_url":"https:\/\/www.diariosantacruz.com.ar\/?p=4235","robots":"max-image-preview:large","keywords":"","webmasterTools":{"miscellaneous":""},"schema":{"@context":"https:\/\/schema.org","@graph":[{"@type":"BlogPosting","@id":"https:\/\/www.diariosantacruz.com.ar\/?p=4235#blogposting","name":"El Gobierno Provincial emiti\u00f3 alerta por marea roja - Diario Santa Cruz","headline":"El Gobierno Provincial emiti\u00f3 alerta por marea roja","author":{"@id":"https:\/\/www.diariosantacruz.com.ar\/?author=2#author"},"publisher":{"@id":"https:\/\/www.diariosantacruz.com.ar\/#organization"},"image":{"@type":"ImageObject","url":"https:\/\/www.diariosantacruz.com.ar\/wp-content\/uploads\/2022\/10\/Captura1.jpg","width":448,"height":537},"datePublished":"2022-10-17T22:36:55-03:00","dateModified":"2022-10-17T22:36:57-03:00","inLanguage":"es-ES","mainEntityOfPage":{"@id":"https:\/\/www.diariosantacruz.com.ar\/?p=4235#webpage"},"isPartOf":{"@id":"https:\/\/www.diariosantacruz.com.ar\/?p=4235#webpage"},"articleSection":"Sociedad, marea roja"},{"@type":"BreadcrumbList","@id":"https:\/\/www.diariosantacruz.com.ar\/?p=4235#breadcrumblist","itemListElement":[{"@type":"ListItem","@id":"https:\/\/www.diariosantacruz.com.ar#listItem","position":1,"name":"Inicio","item":"https:\/\/www.diariosantacruz.com.ar","nextItem":{"@type":"ListItem","@id":"https:\/\/www.diariosantacruz.com.ar\/?cat=27#listItem","name":"Sociedad"}},{"@type":"ListItem","@id":"https:\/\/www.diariosantacruz.com.ar\/?cat=27#listItem","position":2,"name":"Sociedad","item":"https:\/\/www.diariosantacruz.com.ar\/?cat=27","nextItem":{"@type":"ListItem","@id":"https:\/\/www.diariosantacruz.com.ar\/?p=4235#listItem","name":"El Gobierno Provincial emiti\u00f3 alerta por marea roja"},"previousItem":{"@type":"ListItem","@id":"https:\/\/www.diariosantacruz.com.ar#listItem","name":"Inicio"}},{"@type":"ListItem","@id":"https:\/\/www.diariosantacruz.com.ar\/?p=4235#listItem","position":3,"name":"El Gobierno Provincial emiti\u00f3 alerta por marea roja","previousItem":{"@type":"ListItem","@id":"https:\/\/www.diariosantacruz.com.ar\/?cat=27#listItem","name":"Sociedad"}}]},{"@type":"Organization","@id":"https:\/\/www.diariosantacruz.com.ar\/#organization","name":"Diario Santa Cruz","description":"Portal de Noticias de Santa Cruz","url":"https:\/\/www.diariosantacruz.com.ar\/","sameAs":["https:\/\/www.facebook.com\/Diario-Santa-Cruz-144392651098710","https:\/\/www.twitter.com\/@mayorgaelio","https:\/\/www.instagram.com\/diariosantacruz\/"]},{"@type":"Person","@id":"https:\/\/www.diariosantacruz.com.ar\/?author=2#author","url":"https:\/\/www.diariosantacruz.com.ar\/?author=2","name":"corresponsal","image":{"@type":"ImageObject","@id":"https:\/\/www.diariosantacruz.com.ar\/?p=4235#authorImage","url":"https:\/\/secure.gravatar.com\/avatar\/1a09ae462a829db06a34bd6218429bede00a69f031224cb1dd695e7e1effd620?s=96&d=mm&r=g","width":96,"height":96,"caption":"corresponsal"}},{"@type":"WebPage","@id":"https:\/\/www.diariosantacruz.com.ar\/?p=4235#webpage","url":"https:\/\/www.diariosantacruz.com.ar\/?p=4235","name":"El Gobierno Provincial emiti\u00f3 alerta por marea roja - Diario Santa Cruz","description":"El Gobierno de Santa Cruz, a trav\u00e9s del Ministerio de la Producci\u00f3n, Comercio e Industria, informa que este lunes la Direcci\u00f3n de Bromatolog\u00eda del Gobierno de Chubut notific\u00f3 la presencia de toxinas paralizantes de los moluscos (TPM) en concentraciones mayores al l\u00edmite m\u00e1ximo permitido para el consumo humano, tambi\u00e9n en las playas del sur de","inLanguage":"es-ES","isPartOf":{"@id":"https:\/\/www.diariosantacruz.com.ar\/#website"},"breadcrumb":{"@id":"https:\/\/www.diariosantacruz.com.ar\/?p=4235#breadcrumblist"},"author":{"@id":"https:\/\/www.diariosantacruz.com.ar\/?author=2#author"},"creator":{"@id":"https:\/\/www.diariosantacruz.com.ar\/?author=2#author"},"image":{"@type":"ImageObject","url":"https:\/\/www.diariosantacruz.com.ar\/wp-content\/uploads\/2022\/10\/Captura1.jpg","@id":"https:\/\/www.diariosantacruz.com.ar\/?p=4235\/#mainImage","width":448,"height":537},"primaryImageOfPage":{"@id":"https:\/\/www.diariosantacruz.com.ar\/?p=4235#mainImage"},"datePublished":"2022-10-17T22:36:55-03:00","dateModified":"2022-10-17T22:36:57-03:00"},{"@type":"WebSite","@id":"https:\/\/www.diariosantacruz.com.ar\/#website","url":"https:\/\/www.diariosantacruz.com.ar\/","name":"Diario Santa Cruz","description":"Portal de Noticias de Santa Cruz","inLanguage":"es-ES","publisher":{"@id":"https:\/\/www.diariosantacruz.com.ar\/#organization"}}]},"og:locale":"es_ES","og:site_name":"Diario Santa Cruz - Portal de Noticias de Santa Cruz","og:type":"article","og:title":"El Gobierno Provincial emiti\u00f3 alerta por marea roja - Diario Santa Cruz","og:description":"El Gobierno de Santa Cruz, a trav\u00e9s del Ministerio de la Producci\u00f3n, Comercio e Industria, informa que este lunes la Direcci\u00f3n de Bromatolog\u00eda del Gobierno de Chubut notific\u00f3 la presencia de toxinas paralizantes de los moluscos (TPM) en concentraciones mayores al l\u00edmite m\u00e1ximo permitido para el consumo humano, tambi\u00e9n en las playas del sur de","og:url":"https:\/\/www.diariosantacruz.com.ar\/?p=4235","article:published_time":"2022-10-18T01:36:55+00:00","article:modified_time":"2022-10-18T01:36:57+00:00","article:publisher":"https:\/\/www.facebook.com\/Diario-Santa-Cruz-144392651098710","twitter:card":"summary","twitter:site":"@mayorgaelio","twitter:title":"El Gobierno Provincial emiti\u00f3 alerta por marea roja - Diario Santa Cruz","twitter:description":"El Gobierno de Santa Cruz, a trav\u00e9s del Ministerio de la Producci\u00f3n, Comercio e Industria, informa que este lunes la Direcci\u00f3n de Bromatolog\u00eda del Gobierno de Chubut notific\u00f3 la presencia de toxinas paralizantes de los moluscos (TPM) en concentraciones mayores al l\u00edmite m\u00e1ximo permitido para el consumo humano, tambi\u00e9n en las playas del sur de","twitter:creator":"@mayorgaelio"},"aioseo_meta_data":{"post_id":"4235","title":null,"description":null,"keywords":[],"keyphrases":{"focus":{"keyphrase":"","score":0,"analysis":{"keyphraseInTitle":{"score":0,"maxScore":9,"error":1}}},"additional":[]},"primary_term":null,"canonical_url":null,"og_title":null,"og_description":null,"og_object_type":"default","og_image_type":"default","og_image_url":null,"og_image_width":null,"og_image_height":null,"og_image_custom_url":null,"og_image_custom_fields":null,"og_video":"","og_custom_url":null,"og_article_section":null,"og_article_tags":[],"twitter_use_og":false,"twitter_card":"default","twitter_image_type":"default","twitter_image_url":null,"twitter_image_custom_url":null,"twitter_image_custom_fields":null,"twitter_title":null,"twitter_description":null,"schema":{"blockGraphs":[],"customGraphs":[],"default":{"data":{"Article":[],"Course":[],"Dataset":[],"FAQPage":[],"Movie":[],"Person":[],"Product":[],"ProductReview":[],"Car":[],"Recipe":[],"Service":[],"SoftwareApplication":[],"WebPage":[]},"graphName":"BlogPosting","isEnabled":true},"graphs":[]},"schema_type":"default","schema_type_options":null,"pillar_content":false,"robots_default":true,"robots_noindex":false,"robots_noarchive":false,"robots_nosnippet":false,"robots_nofollow":false,"robots_noimageindex":false,"robots_noodp":false,"robots_notranslate":false,"robots_max_snippet":"-1","robots_max_videopreview":"-1","robots_max_imagepreview":"large","priority":null,"frequency":"default","local_seo":null,"breadcrumb_settings":null,"limit_modified_date":false,"ai":null,"created":"2022-10-18 01:36:57","updated":"2025-06-05 04:26:21","seo_analyzer_scan_date":null},"aioseo_breadcrumb":"<div class=\"aioseo-breadcrumbs\"><span class=\"aioseo-breadcrumb\">\n\t\t\t<a href=\"https:\/\/www.diariosantacruz.com.ar\" title=\"Inicio\">Inicio<\/a>\n\t\t<\/span><span class=\"aioseo-breadcrumb-separator\">&raquo;<\/span><span class=\"aioseo-breadcrumb\">\n\t\t\t<a href=\"https:\/\/www.diariosantacruz.com.ar\/?cat=27\" title=\"Sociedad\">Sociedad<\/a>\n\t\t<\/span><span class=\"aioseo-breadcrumb-separator\">&raquo;<\/span><span class=\"aioseo-breadcrumb\">\n\t\t\tEl Gobierno Provincial emiti\u00f3 alerta por marea roja\n\t\t<\/span><\/div>","aioseo_breadcrumb_json":[{"label":"Inicio","link":"https:\/\/www.diariosantacruz.com.ar"},{"label":"Sociedad","link":"https:\/\/www.diariosantacruz.com.ar\/?cat=27"},{"label":"El Gobierno Provincial emiti\u00f3 alerta por marea roja","link":"https:\/\/www.diariosantacruz.com.ar\/?p=4235"}],"_links":{"self":[{"href":"https:\/\/www.diariosantacruz.com.ar\/index.php?rest_route=\/wp\/v2\/posts\/4235","targetHints":{"allow":["GET"]}}],"collection":[{"href":"https:\/\/www.diariosantacruz.com.ar\/index.php?rest_route=\/wp\/v2\/posts"}],"about":[{"href":"https:\/\/www.diariosantacruz.com.ar\/index.php?rest_route=\/wp\/v2\/types\/post"}],"author":[{"embeddable":true,"href":"https:\/\/www.diariosantacruz.com.ar\/index.php?rest_route=\/wp\/v2\/users\/2"}],"replies":[{"embeddable":true,"href":"https:\/\/www.diariosantacruz.com.ar\/index.php?rest_route=%2Fwp%2Fv2%2Fcomments&post=4235"}],"version-history":[{"count":1,"href":"https:\/\/www.diariosantacruz.com.ar\/index.php?rest_route=\/wp\/v2\/posts\/4235\/revisions"}],"predecessor-version":[{"id":4237,"href":"https:\/\/www.diariosantacruz.com.ar\/index.php?rest_route=\/wp\/v2\/posts\/4235\/revisions\/4237"}],"wp:featuredmedia":[{"embeddable":true,"href":"https:\/\/www.diariosantacruz.com.ar\/index.php?rest_route=\/wp\/v2\/media\/4236"}],"wp:attachment":[{"href":"https:\/\/www.diariosantacruz.com.ar\/index.php?rest_route=%2Fwp%2Fv2%2Fmedia&parent=4235"}],"wp:term":[{"taxonomy":"category","embeddable":true,"href":"https:\/\/www.diariosantacruz.com.ar\/index.php?rest_route=%2Fwp%2Fv2%2Fcategories&post=4235"},{"taxonomy":"post_tag","embeddable":true,"href":"https:\/\/www.diariosantacruz.com.ar\/index.php?rest_route=%2Fwp%2Fv2%2Ftags&post=4235"}],"curies":[{"name":"wp","href":"https:\/\/api.w.org\/{rel}","templated":true}]}}