{"id":4855,"date":"2022-12-21T16:22:09","date_gmt":"2022-12-21T19:22:09","guid":{"rendered":"https:\/\/www.diariosantacruz.com.ar\/?p=4855"},"modified":"2022-12-21T16:22:10","modified_gmt":"2022-12-21T19:22:10","slug":"el-ejecutivo-provincial-presento-el-informe-de-gestion-2022-ante-el-poder-legislativo","status":"publish","type":"post","link":"https:\/\/www.diariosantacruz.com.ar\/?p=4855","title":{"rendered":"El Ejecutivo Provincial present\u00f3 el Informe de Gesti\u00f3n 2022 ante el Poder Legislativo"},"content":{"rendered":"\n<h2 class=\"wp-block-heading\">El Gobierno de Santa Cruz, representado por la ministra Secretaria General de la Gobernaci\u00f3n, Claudia Mart\u00ednez; y los ministros de Gobierno, Leandro Zuliani; y de Econom\u00eda, Finanzas e Infraestructura, Ignacio Perincioli, llev\u00f3 adelante la presentaci\u00f3n del informe de gesti\u00f3n correspondiente a este a\u00f1o, en la C\u00e1mara de Diputados.<\/h2>\n\n\n\n<p class=\"wp-block-paragraph\">Durante la 8\u00b0 Sesi\u00f3n Extraordinaria del 49\u00b0 Periodo Legislativo, lxs representantes del Ejecutivo Provincial dieron detalles de la gesti\u00f3n concretada por la Administraci\u00f3n Central, Organismos Centralizados, Descentralizados y Sociedades del Estado.<\/p>\n\n\n\n<p class=\"wp-block-paragraph\">La presentaci\u00f3n fue convocada a trav\u00e9s de la Resoluci\u00f3n N\u00b0 295\/22 por el presidente de la C\u00e1mara de Diputados Eugenio Quiroga, en virtud de la Ley Provincial N\u00b0 3.718 sobre el Informe de Gesti\u00f3n del Poder Ejecutivo Provincial.<\/p>\n\n\n\n<p class=\"wp-block-paragraph\">Esta norma estableci\u00f3 la obligatoriedad del Poder Ejecutivo Provincial de presentar ante la C\u00e1mara de Diputados dicho informe.<\/p>\n\n\n\n<p class=\"wp-block-paragraph\">Por indicaci\u00f3n de la Gobernadora, la presentaci\u00f3n estuvo representado por la ministra Secretaria General de la Gobernaci\u00f3n, Claudia Mart\u00ednez; y los ministros de Gobierno, Leandro Zuliani; y de Econom\u00eda, Finanzas e Infraestructura, Ignacio Perincioli<\/p>\n\n\n\n<figure class=\"wp-block-image size-full\"><img loading=\"lazy\" decoding=\"async\" width=\"627\" height=\"418\" src=\"https:\/\/www.diariosantacruz.com.ar\/wp-content\/uploads\/2022\/12\/374fb891fc653cfcfa9ec9ef71f1161b_XL.jpg\" alt=\"\" class=\"wp-image-4856\" srcset=\"https:\/\/www.diariosantacruz.com.ar\/wp-content\/uploads\/2022\/12\/374fb891fc653cfcfa9ec9ef71f1161b_XL.jpg 627w, https:\/\/www.diariosantacruz.com.ar\/wp-content\/uploads\/2022\/12\/374fb891fc653cfcfa9ec9ef71f1161b_XL-300x200.jpg 300w\" sizes=\"auto, (max-width: 627px) 100vw, 627px\" \/><\/figure>\n","protected":false},"excerpt":{"rendered":"<p>El Gobierno de Santa Cruz, representado por la ministra Secretaria General de la Gobernaci\u00f3n, Claudia<\/p>\n","protected":false},"author":2,"featured_media":4856,"comment_status":"open","ping_status":"open","sticky":false,"template":"","format":"standard","meta":{"_monsterinsights_skip_tracking":false,"footnotes":""},"categories":[27],"tags":[743],"class_list":["post-4855","post","type-post","status-publish","format-standard","has-post-thumbnail","hentry","category-sociedad","tag-gobierno"],"aioseo_notices":[],"aioseo_head":"\n\t\t<!-- All in One SEO 4.9.8 - aioseo.com -->\n\t<meta name=\"description\" content=\"El Gobierno de Santa Cruz, representado por la ministra Secretaria General de la Gobernaci\u00f3n, Claudia Mart\u00ednez; y los ministros de Gobierno, Leandro Zuliani; y de Econom\u00eda, Finanzas e Infraestructura, Ignacio Perincioli, llev\u00f3 adelante la presentaci\u00f3n del informe de gesti\u00f3n correspondiente a este a\u00f1o, en la C\u00e1mara de Diputados. Durante la 8\u00b0 Sesi\u00f3n Extraordinaria del 49\u00b0\" \/>\n\t<meta name=\"robots\" content=\"max-image-preview:large\" \/>\n\t<meta name=\"author\" content=\"corresponsal\"\/>\n\t<link rel=\"canonical\" href=\"https:\/\/www.diariosantacruz.com.ar\/?p=4855\" \/>\n\t<meta name=\"generator\" content=\"All in One SEO (AIOSEO) 4.9.8\" \/>\n\t\t<meta property=\"og:locale\" content=\"es_ES\" \/>\n\t\t<meta property=\"og:site_name\" content=\"Diario Santa Cruz - Portal de Noticias de Santa Cruz\" \/>\n\t\t<meta property=\"og:type\" content=\"article\" \/>\n\t\t<meta property=\"og:title\" content=\"El Ejecutivo Provincial present\u00f3 el Informe de Gesti\u00f3n 2022 ante el Poder Legislativo - Diario Santa Cruz\" \/>\n\t\t<meta property=\"og:description\" content=\"El Gobierno de Santa Cruz, representado por la ministra Secretaria General de la Gobernaci\u00f3n, Claudia Mart\u00ednez; y los ministros de Gobierno, Leandro Zuliani; y de Econom\u00eda, Finanzas e Infraestructura, Ignacio Perincioli, llev\u00f3 adelante la presentaci\u00f3n del informe de gesti\u00f3n correspondiente a este a\u00f1o, en la C\u00e1mara de Diputados. Durante la 8\u00b0 Sesi\u00f3n Extraordinaria del 49\u00b0\" \/>\n\t\t<meta property=\"og:url\" content=\"https:\/\/www.diariosantacruz.com.ar\/?p=4855\" \/>\n\t\t<meta property=\"article:published_time\" content=\"2022-12-21T19:22:09+00:00\" \/>\n\t\t<meta property=\"article:modified_time\" content=\"2022-12-21T19:22:10+00:00\" \/>\n\t\t<meta property=\"article:publisher\" content=\"https:\/\/www.facebook.com\/Diario-Santa-Cruz-144392651098710\" \/>\n\t\t<meta name=\"twitter:card\" content=\"summary\" \/>\n\t\t<meta name=\"twitter:site\" content=\"@mayorgaelio\" \/>\n\t\t<meta name=\"twitter:title\" content=\"El Ejecutivo Provincial present\u00f3 el Informe de Gesti\u00f3n 2022 ante el Poder Legislativo - Diario Santa Cruz\" \/>\n\t\t<meta name=\"twitter:description\" content=\"El Gobierno de Santa Cruz, representado por la ministra Secretaria General de la Gobernaci\u00f3n, Claudia Mart\u00ednez; y los ministros de Gobierno, Leandro Zuliani; y de Econom\u00eda, Finanzas e Infraestructura, Ignacio Perincioli, llev\u00f3 adelante la presentaci\u00f3n del informe de gesti\u00f3n correspondiente a este a\u00f1o, en la C\u00e1mara de Diputados. Durante la 8\u00b0 Sesi\u00f3n Extraordinaria del 49\u00b0\" \/>\n\t\t<meta name=\"twitter:creator\" content=\"@mayorgaelio\" \/>\n\t\t<script type=\"application\/ld+json\" class=\"aioseo-schema\">\n\t\t\t{\"@context\":\"https:\\\/\\\/schema.org\",\"@graph\":[{\"@type\":\"BlogPosting\",\"@id\":\"https:\\\/\\\/www.diariosantacruz.com.ar\\\/?p=4855#blogposting\",\"name\":\"El Ejecutivo Provincial present\\u00f3 el Informe de Gesti\\u00f3n 2022 ante el Poder Legislativo - Diario Santa Cruz\",\"headline\":\"El Ejecutivo Provincial present\\u00f3 el Informe de Gesti\\u00f3n 2022 ante el Poder Legislativo\",\"author\":{\"@id\":\"https:\\\/\\\/www.diariosantacruz.com.ar\\\/?author=2#author\"},\"publisher\":{\"@id\":\"https:\\\/\\\/www.diariosantacruz.com.ar\\\/#organization\"},\"image\":{\"@type\":\"ImageObject\",\"url\":\"https:\\\/\\\/www.diariosantacruz.com.ar\\\/wp-content\\\/uploads\\\/2022\\\/12\\\/374fb891fc653cfcfa9ec9ef71f1161b_XL.jpg\",\"width\":627,\"height\":418},\"datePublished\":\"2022-12-21T16:22:09-03:00\",\"dateModified\":\"2022-12-21T16:22:10-03:00\",\"inLanguage\":\"es-ES\",\"mainEntityOfPage\":{\"@id\":\"https:\\\/\\\/www.diariosantacruz.com.ar\\\/?p=4855#webpage\"},\"isPartOf\":{\"@id\":\"https:\\\/\\\/www.diariosantacruz.com.ar\\\/?p=4855#webpage\"},\"articleSection\":\"Sociedad, gobierno\"},{\"@type\":\"BreadcrumbList\",\"@id\":\"https:\\\/\\\/www.diariosantacruz.com.ar\\\/?p=4855#breadcrumblist\",\"itemListElement\":[{\"@type\":\"ListItem\",\"@id\":\"https:\\\/\\\/www.diariosantacruz.com.ar#listItem\",\"position\":1,\"name\":\"Inicio\",\"item\":\"https:\\\/\\\/www.diariosantacruz.com.ar\",\"nextItem\":{\"@type\":\"ListItem\",\"@id\":\"https:\\\/\\\/www.diariosantacruz.com.ar\\\/?cat=27#listItem\",\"name\":\"Sociedad\"}},{\"@type\":\"ListItem\",\"@id\":\"https:\\\/\\\/www.diariosantacruz.com.ar\\\/?cat=27#listItem\",\"position\":2,\"name\":\"Sociedad\",\"item\":\"https:\\\/\\\/www.diariosantacruz.com.ar\\\/?cat=27\",\"nextItem\":{\"@type\":\"ListItem\",\"@id\":\"https:\\\/\\\/www.diariosantacruz.com.ar\\\/?p=4855#listItem\",\"name\":\"El Ejecutivo Provincial present\\u00f3 el Informe de Gesti\\u00f3n 2022 ante el Poder Legislativo\"},\"previousItem\":{\"@type\":\"ListItem\",\"@id\":\"https:\\\/\\\/www.diariosantacruz.com.ar#listItem\",\"name\":\"Inicio\"}},{\"@type\":\"ListItem\",\"@id\":\"https:\\\/\\\/www.diariosantacruz.com.ar\\\/?p=4855#listItem\",\"position\":3,\"name\":\"El Ejecutivo Provincial present\\u00f3 el Informe de Gesti\\u00f3n 2022 ante el Poder Legislativo\",\"previousItem\":{\"@type\":\"ListItem\",\"@id\":\"https:\\\/\\\/www.diariosantacruz.com.ar\\\/?cat=27#listItem\",\"name\":\"Sociedad\"}}]},{\"@type\":\"Organization\",\"@id\":\"https:\\\/\\\/www.diariosantacruz.com.ar\\\/#organization\",\"name\":\"Diario Santa Cruz\",\"description\":\"Portal de Noticias de Santa Cruz\",\"url\":\"https:\\\/\\\/www.diariosantacruz.com.ar\\\/\",\"sameAs\":[\"https:\\\/\\\/www.facebook.com\\\/Diario-Santa-Cruz-144392651098710\",\"https:\\\/\\\/www.twitter.com\\\/@mayorgaelio\",\"https:\\\/\\\/www.instagram.com\\\/diariosantacruz\\\/\"]},{\"@type\":\"Person\",\"@id\":\"https:\\\/\\\/www.diariosantacruz.com.ar\\\/?author=2#author\",\"url\":\"https:\\\/\\\/www.diariosantacruz.com.ar\\\/?author=2\",\"name\":\"corresponsal\",\"image\":{\"@type\":\"ImageObject\",\"@id\":\"https:\\\/\\\/www.diariosantacruz.com.ar\\\/?p=4855#authorImage\",\"url\":\"https:\\\/\\\/secure.gravatar.com\\\/avatar\\\/1a09ae462a829db06a34bd6218429bede00a69f031224cb1dd695e7e1effd620?s=96&d=mm&r=g\",\"width\":96,\"height\":96,\"caption\":\"corresponsal\"}},{\"@type\":\"WebPage\",\"@id\":\"https:\\\/\\\/www.diariosantacruz.com.ar\\\/?p=4855#webpage\",\"url\":\"https:\\\/\\\/www.diariosantacruz.com.ar\\\/?p=4855\",\"name\":\"El Ejecutivo Provincial present\\u00f3 el Informe de Gesti\\u00f3n 2022 ante el Poder Legislativo - Diario Santa Cruz\",\"description\":\"El Gobierno de Santa Cruz, representado por la ministra Secretaria General de la Gobernaci\\u00f3n, Claudia Mart\\u00ednez; y los ministros de Gobierno, Leandro Zuliani; y de Econom\\u00eda, Finanzas e Infraestructura, Ignacio Perincioli, llev\\u00f3 adelante la presentaci\\u00f3n del informe de gesti\\u00f3n correspondiente a este a\\u00f1o, en la C\\u00e1mara de Diputados. Durante la 8\\u00b0 Sesi\\u00f3n Extraordinaria del 49\\u00b0\",\"inLanguage\":\"es-ES\",\"isPartOf\":{\"@id\":\"https:\\\/\\\/www.diariosantacruz.com.ar\\\/#website\"},\"breadcrumb\":{\"@id\":\"https:\\\/\\\/www.diariosantacruz.com.ar\\\/?p=4855#breadcrumblist\"},\"author\":{\"@id\":\"https:\\\/\\\/www.diariosantacruz.com.ar\\\/?author=2#author\"},\"creator\":{\"@id\":\"https:\\\/\\\/www.diariosantacruz.com.ar\\\/?author=2#author\"},\"image\":{\"@type\":\"ImageObject\",\"url\":\"https:\\\/\\\/www.diariosantacruz.com.ar\\\/wp-content\\\/uploads\\\/2022\\\/12\\\/374fb891fc653cfcfa9ec9ef71f1161b_XL.jpg\",\"@id\":\"https:\\\/\\\/www.diariosantacruz.com.ar\\\/?p=4855\\\/#mainImage\",\"width\":627,\"height\":418},\"primaryImageOfPage\":{\"@id\":\"https:\\\/\\\/www.diariosantacruz.com.ar\\\/?p=4855#mainImage\"},\"datePublished\":\"2022-12-21T16:22:09-03:00\",\"dateModified\":\"2022-12-21T16:22:10-03:00\"},{\"@type\":\"WebSite\",\"@id\":\"https:\\\/\\\/www.diariosantacruz.com.ar\\\/#website\",\"url\":\"https:\\\/\\\/www.diariosantacruz.com.ar\\\/\",\"name\":\"Diario Santa Cruz\",\"description\":\"Portal de Noticias de Santa Cruz\",\"inLanguage\":\"es-ES\",\"publisher\":{\"@id\":\"https:\\\/\\\/www.diariosantacruz.com.ar\\\/#organization\"}}]}\n\t\t<\/script>\n\t\t<!-- All in One SEO -->\n\n","aioseo_head_json":{"title":"El Ejecutivo Provincial present\u00f3 el Informe de Gesti\u00f3n 2022 ante el Poder Legislativo - Diario Santa Cruz","description":"El Gobierno de Santa Cruz, representado por la ministra Secretaria General de la Gobernaci\u00f3n, Claudia Mart\u00ednez; y los ministros de Gobierno, Leandro Zuliani; y de Econom\u00eda, Finanzas e Infraestructura, Ignacio Perincioli, llev\u00f3 adelante la presentaci\u00f3n del informe de gesti\u00f3n correspondiente a este a\u00f1o, en la C\u00e1mara de Diputados. Durante la 8\u00b0 Sesi\u00f3n Extraordinaria del 49\u00b0","canonical_url":"https:\/\/www.diariosantacruz.com.ar\/?p=4855","robots":"max-image-preview:large","keywords":"","webmasterTools":{"miscellaneous":""},"schema":{"@context":"https:\/\/schema.org","@graph":[{"@type":"BlogPosting","@id":"https:\/\/www.diariosantacruz.com.ar\/?p=4855#blogposting","name":"El Ejecutivo Provincial present\u00f3 el Informe de Gesti\u00f3n 2022 ante el Poder Legislativo - Diario Santa Cruz","headline":"El Ejecutivo Provincial present\u00f3 el Informe de Gesti\u00f3n 2022 ante el Poder Legislativo","author":{"@id":"https:\/\/www.diariosantacruz.com.ar\/?author=2#author"},"publisher":{"@id":"https:\/\/www.diariosantacruz.com.ar\/#organization"},"image":{"@type":"ImageObject","url":"https:\/\/www.diariosantacruz.com.ar\/wp-content\/uploads\/2022\/12\/374fb891fc653cfcfa9ec9ef71f1161b_XL.jpg","width":627,"height":418},"datePublished":"2022-12-21T16:22:09-03:00","dateModified":"2022-12-21T16:22:10-03:00","inLanguage":"es-ES","mainEntityOfPage":{"@id":"https:\/\/www.diariosantacruz.com.ar\/?p=4855#webpage"},"isPartOf":{"@id":"https:\/\/www.diariosantacruz.com.ar\/?p=4855#webpage"},"articleSection":"Sociedad, gobierno"},{"@type":"BreadcrumbList","@id":"https:\/\/www.diariosantacruz.com.ar\/?p=4855#breadcrumblist","itemListElement":[{"@type":"ListItem","@id":"https:\/\/www.diariosantacruz.com.ar#listItem","position":1,"name":"Inicio","item":"https:\/\/www.diariosantacruz.com.ar","nextItem":{"@type":"ListItem","@id":"https:\/\/www.diariosantacruz.com.ar\/?cat=27#listItem","name":"Sociedad"}},{"@type":"ListItem","@id":"https:\/\/www.diariosantacruz.com.ar\/?cat=27#listItem","position":2,"name":"Sociedad","item":"https:\/\/www.diariosantacruz.com.ar\/?cat=27","nextItem":{"@type":"ListItem","@id":"https:\/\/www.diariosantacruz.com.ar\/?p=4855#listItem","name":"El Ejecutivo Provincial present\u00f3 el Informe de Gesti\u00f3n 2022 ante el Poder Legislativo"},"previousItem":{"@type":"ListItem","@id":"https:\/\/www.diariosantacruz.com.ar#listItem","name":"Inicio"}},{"@type":"ListItem","@id":"https:\/\/www.diariosantacruz.com.ar\/?p=4855#listItem","position":3,"name":"El Ejecutivo Provincial present\u00f3 el Informe de Gesti\u00f3n 2022 ante el Poder Legislativo","previousItem":{"@type":"ListItem","@id":"https:\/\/www.diariosantacruz.com.ar\/?cat=27#listItem","name":"Sociedad"}}]},{"@type":"Organization","@id":"https:\/\/www.diariosantacruz.com.ar\/#organization","name":"Diario Santa Cruz","description":"Portal de Noticias de Santa Cruz","url":"https:\/\/www.diariosantacruz.com.ar\/","sameAs":["https:\/\/www.facebook.com\/Diario-Santa-Cruz-144392651098710","https:\/\/www.twitter.com\/@mayorgaelio","https:\/\/www.instagram.com\/diariosantacruz\/"]},{"@type":"Person","@id":"https:\/\/www.diariosantacruz.com.ar\/?author=2#author","url":"https:\/\/www.diariosantacruz.com.ar\/?author=2","name":"corresponsal","image":{"@type":"ImageObject","@id":"https:\/\/www.diariosantacruz.com.ar\/?p=4855#authorImage","url":"https:\/\/secure.gravatar.com\/avatar\/1a09ae462a829db06a34bd6218429bede00a69f031224cb1dd695e7e1effd620?s=96&d=mm&r=g","width":96,"height":96,"caption":"corresponsal"}},{"@type":"WebPage","@id":"https:\/\/www.diariosantacruz.com.ar\/?p=4855#webpage","url":"https:\/\/www.diariosantacruz.com.ar\/?p=4855","name":"El Ejecutivo Provincial present\u00f3 el Informe de Gesti\u00f3n 2022 ante el Poder Legislativo - Diario Santa Cruz","description":"El Gobierno de Santa Cruz, representado por la ministra Secretaria General de la Gobernaci\u00f3n, Claudia Mart\u00ednez; y los ministros de Gobierno, Leandro Zuliani; y de Econom\u00eda, Finanzas e Infraestructura, Ignacio Perincioli, llev\u00f3 adelante la presentaci\u00f3n del informe de gesti\u00f3n correspondiente a este a\u00f1o, en la C\u00e1mara de Diputados. Durante la 8\u00b0 Sesi\u00f3n Extraordinaria del 49\u00b0","inLanguage":"es-ES","isPartOf":{"@id":"https:\/\/www.diariosantacruz.com.ar\/#website"},"breadcrumb":{"@id":"https:\/\/www.diariosantacruz.com.ar\/?p=4855#breadcrumblist"},"author":{"@id":"https:\/\/www.diariosantacruz.com.ar\/?author=2#author"},"creator":{"@id":"https:\/\/www.diariosantacruz.com.ar\/?author=2#author"},"image":{"@type":"ImageObject","url":"https:\/\/www.diariosantacruz.com.ar\/wp-content\/uploads\/2022\/12\/374fb891fc653cfcfa9ec9ef71f1161b_XL.jpg","@id":"https:\/\/www.diariosantacruz.com.ar\/?p=4855\/#mainImage","width":627,"height":418},"primaryImageOfPage":{"@id":"https:\/\/www.diariosantacruz.com.ar\/?p=4855#mainImage"},"datePublished":"2022-12-21T16:22:09-03:00","dateModified":"2022-12-21T16:22:10-03:00"},{"@type":"WebSite","@id":"https:\/\/www.diariosantacruz.com.ar\/#website","url":"https:\/\/www.diariosantacruz.com.ar\/","name":"Diario Santa Cruz","description":"Portal de Noticias de Santa Cruz","inLanguage":"es-ES","publisher":{"@id":"https:\/\/www.diariosantacruz.com.ar\/#organization"}}]},"og:locale":"es_ES","og:site_name":"Diario Santa Cruz - Portal de Noticias de Santa Cruz","og:type":"article","og:title":"El Ejecutivo Provincial present\u00f3 el Informe de Gesti\u00f3n 2022 ante el Poder Legislativo - Diario Santa Cruz","og:description":"El Gobierno de Santa Cruz, representado por la ministra Secretaria General de la Gobernaci\u00f3n, Claudia Mart\u00ednez; y los ministros de Gobierno, Leandro Zuliani; y de Econom\u00eda, Finanzas e Infraestructura, Ignacio Perincioli, llev\u00f3 adelante la presentaci\u00f3n del informe de gesti\u00f3n correspondiente a este a\u00f1o, en la C\u00e1mara de Diputados. Durante la 8\u00b0 Sesi\u00f3n Extraordinaria del 49\u00b0","og:url":"https:\/\/www.diariosantacruz.com.ar\/?p=4855","article:published_time":"2022-12-21T19:22:09+00:00","article:modified_time":"2022-12-21T19:22:10+00:00","article:publisher":"https:\/\/www.facebook.com\/Diario-Santa-Cruz-144392651098710","twitter:card":"summary","twitter:site":"@mayorgaelio","twitter:title":"El Ejecutivo Provincial present\u00f3 el Informe de Gesti\u00f3n 2022 ante el Poder Legislativo - Diario Santa Cruz","twitter:description":"El Gobierno de Santa Cruz, representado por la ministra Secretaria General de la Gobernaci\u00f3n, Claudia Mart\u00ednez; y los ministros de Gobierno, Leandro Zuliani; y de Econom\u00eda, Finanzas e Infraestructura, Ignacio Perincioli, llev\u00f3 adelante la presentaci\u00f3n del informe de gesti\u00f3n correspondiente a este a\u00f1o, en la C\u00e1mara de Diputados. Durante la 8\u00b0 Sesi\u00f3n Extraordinaria del 49\u00b0","twitter:creator":"@mayorgaelio"},"aioseo_meta_data":{"post_id":"4855","title":null,"description":null,"keywords":[],"keyphrases":{"focus":{"keyphrase":"","score":0,"analysis":{"keyphraseInTitle":{"score":0,"maxScore":9,"error":1}}},"additional":[]},"primary_term":null,"canonical_url":null,"og_title":null,"og_description":null,"og_object_type":"default","og_image_type":"default","og_image_url":null,"og_image_width":null,"og_image_height":null,"og_image_custom_url":null,"og_image_custom_fields":null,"og_video":"","og_custom_url":null,"og_article_section":null,"og_article_tags":[],"twitter_use_og":false,"twitter_card":"default","twitter_image_type":"default","twitter_image_url":null,"twitter_image_custom_url":null,"twitter_image_custom_fields":null,"twitter_title":null,"twitter_description":null,"schema":{"blockGraphs":[],"customGraphs":[],"default":{"data":{"Article":[],"Course":[],"Dataset":[],"FAQPage":[],"Movie":[],"Person":[],"Product":[],"ProductReview":[],"Car":[],"Recipe":[],"Service":[],"SoftwareApplication":[],"WebPage":[]},"graphName":"BlogPosting","isEnabled":true},"graphs":[]},"schema_type":"default","schema_type_options":null,"pillar_content":false,"robots_default":true,"robots_noindex":false,"robots_noarchive":false,"robots_nosnippet":false,"robots_nofollow":false,"robots_noimageindex":false,"robots_noodp":false,"robots_notranslate":false,"robots_max_snippet":"-1","robots_max_videopreview":"-1","robots_max_imagepreview":"large","priority":null,"frequency":"default","local_seo":null,"breadcrumb_settings":null,"limit_modified_date":false,"ai":null,"created":"2022-12-21 19:22:10","updated":"2025-06-05 05:17:32","seo_analyzer_scan_date":null},"aioseo_breadcrumb":"<div class=\"aioseo-breadcrumbs\"><span class=\"aioseo-breadcrumb\">\n\t\t\t<a href=\"https:\/\/www.diariosantacruz.com.ar\" title=\"Inicio\">Inicio<\/a>\n\t\t<\/span><span class=\"aioseo-breadcrumb-separator\">&raquo;<\/span><span class=\"aioseo-breadcrumb\">\n\t\t\t<a href=\"https:\/\/www.diariosantacruz.com.ar\/?cat=27\" title=\"Sociedad\">Sociedad<\/a>\n\t\t<\/span><span class=\"aioseo-breadcrumb-separator\">&raquo;<\/span><span class=\"aioseo-breadcrumb\">\n\t\t\tEl Ejecutivo Provincial present\u00f3 el Informe de Gesti\u00f3n 2022 ante el Poder Legislativo\n\t\t<\/span><\/div>","aioseo_breadcrumb_json":[{"label":"Inicio","link":"https:\/\/www.diariosantacruz.com.ar"},{"label":"Sociedad","link":"https:\/\/www.diariosantacruz.com.ar\/?cat=27"},{"label":"El Ejecutivo Provincial present\u00f3 el Informe de Gesti\u00f3n 2022 ante el Poder Legislativo","link":"https:\/\/www.diariosantacruz.com.ar\/?p=4855"}],"_links":{"self":[{"href":"https:\/\/www.diariosantacruz.com.ar\/index.php?rest_route=\/wp\/v2\/posts\/4855","targetHints":{"allow":["GET"]}}],"collection":[{"href":"https:\/\/www.diariosantacruz.com.ar\/index.php?rest_route=\/wp\/v2\/posts"}],"about":[{"href":"https:\/\/www.diariosantacruz.com.ar\/index.php?rest_route=\/wp\/v2\/types\/post"}],"author":[{"embeddable":true,"href":"https:\/\/www.diariosantacruz.com.ar\/index.php?rest_route=\/wp\/v2\/users\/2"}],"replies":[{"embeddable":true,"href":"https:\/\/www.diariosantacruz.com.ar\/index.php?rest_route=%2Fwp%2Fv2%2Fcomments&post=4855"}],"version-history":[{"count":1,"href":"https:\/\/www.diariosantacruz.com.ar\/index.php?rest_route=\/wp\/v2\/posts\/4855\/revisions"}],"predecessor-version":[{"id":4857,"href":"https:\/\/www.diariosantacruz.com.ar\/index.php?rest_route=\/wp\/v2\/posts\/4855\/revisions\/4857"}],"wp:featuredmedia":[{"embeddable":true,"href":"https:\/\/www.diariosantacruz.com.ar\/index.php?rest_route=\/wp\/v2\/media\/4856"}],"wp:attachment":[{"href":"https:\/\/www.diariosantacruz.com.ar\/index.php?rest_route=%2Fwp%2Fv2%2Fmedia&parent=4855"}],"wp:term":[{"taxonomy":"category","embeddable":true,"href":"https:\/\/www.diariosantacruz.com.ar\/index.php?rest_route=%2Fwp%2Fv2%2Fcategories&post=4855"},{"taxonomy":"post_tag","embeddable":true,"href":"https:\/\/www.diariosantacruz.com.ar\/index.php?rest_route=%2Fwp%2Fv2%2Ftags&post=4855"}],"curies":[{"name":"wp","href":"https:\/\/api.w.org\/{rel}","templated":true}]}}