{"id":5005,"date":"2023-01-02T18:59:00","date_gmt":"2023-01-02T21:59:00","guid":{"rendered":"https:\/\/www.diariosantacruz.com.ar\/?p=5005"},"modified":"2023-01-02T18:59:01","modified_gmt":"2023-01-02T21:59:01","slug":"temporal-de-viento-en-rio-gallegos","status":"publish","type":"post","link":"https:\/\/www.diariosantacruz.com.ar\/?p=5005","title":{"rendered":"Temporal de viento en Rio Gallegos"},"content":{"rendered":"\n<h2 class=\"wp-block-heading\">El a\u00f1o 2023 comenz\u00f3 con condiciones meteorol\u00f3gicas muy desfavorables para el sur de la provincia de Santa Cruz. De hecho, en las \u00faltimas horas, el Servicio Meteorol\u00f3gico Nacional hab\u00eda emitido un alerta amarillo y, luego, uno naranja para la zona de R\u00edo Gallegos y alrededores.<\/h2>\n\n\n\n<p class=\"wp-block-paragraph\">\u00abEl \u00e1rea ser\u00e1 afectada por vientos del sector oeste, con velocidades entre 50 y 70 km\/h y r\u00e1fagas que pueden superar los 100 km\/h\u00bb, se\u00f1alaba sobre el alerta amarillo, que luego ampli\u00f3 con naranja: \u00abEl \u00e1rea ser\u00e1 afectada por vientos del oeste y sudoeste con velocidades entre 70 y 90 km\/h, con r\u00e1fagas que pueden superar los 110 km\/h\u00bb.<\/p>\n\n\n\n<p class=\"wp-block-paragraph\">seg\u00fan anticip\u00f3 el organismo, los fuertes vientos continuar\u00e1n hasta el pr\u00f3ximo mi\u00e9rcoles, cuando por la noche cese su intensidad y las temperaturas m\u00e1ximas de la zona asciendan considerablemente a partir del jueves.<\/p>\n\n\n\n<p class=\"wp-block-paragraph\">Por su parte, el portal especializado Windguru prev\u00e9 r\u00e1fagas de hasta 99 km\/h hasta el mi\u00e9rcoles y, desde el jueves, vientos de variada intensidad con m\u00e1xima de apenas 36 km\/h.<\/p>\n\n\n\n<figure class=\"wp-block-image size-full\"><img loading=\"lazy\" decoding=\"async\" width=\"770\" height=\"513\" src=\"https:\/\/www.diariosantacruz.com.ar\/wp-content\/uploads\/2023\/01\/am-viento-6jpg.jpg\" alt=\"\" class=\"wp-image-5006\" srcset=\"https:\/\/www.diariosantacruz.com.ar\/wp-content\/uploads\/2023\/01\/am-viento-6jpg.jpg 770w, https:\/\/www.diariosantacruz.com.ar\/wp-content\/uploads\/2023\/01\/am-viento-6jpg-300x200.jpg 300w, https:\/\/www.diariosantacruz.com.ar\/wp-content\/uploads\/2023\/01\/am-viento-6jpg-768x512.jpg 768w\" sizes=\"auto, (max-width: 770px) 100vw, 770px\" \/><\/figure>\n","protected":false},"excerpt":{"rendered":"<p>El a\u00f1o 2023 comenz\u00f3 con condiciones meteorol\u00f3gicas muy desfavorables para el sur de la provincia<\/p>\n","protected":false},"author":2,"featured_media":5006,"comment_status":"open","ping_status":"open","sticky":false,"template":"","format":"standard","meta":{"_monsterinsights_skip_tracking":false,"footnotes":""},"categories":[27],"tags":[604],"class_list":["post-5005","post","type-post","status-publish","format-standard","has-post-thumbnail","hentry","category-sociedad","tag-clima"],"aioseo_notices":[],"aioseo_head":"\n\t\t<!-- All in One SEO 4.9.8 - aioseo.com -->\n\t<meta name=\"description\" content=\"El a\u00f1o 2023 comenz\u00f3 con condiciones meteorol\u00f3gicas muy desfavorables para el sur de la provincia de Santa Cruz. De hecho, en las \u00faltimas horas, el Servicio Meteorol\u00f3gico Nacional hab\u00eda emitido un alerta amarillo y, luego, uno naranja para la zona de R\u00edo Gallegos y alrededores. &quot;El \u00e1rea ser\u00e1 afectada por vientos del sector oeste, con\" \/>\n\t<meta name=\"robots\" content=\"max-image-preview:large\" \/>\n\t<meta name=\"author\" content=\"corresponsal\"\/>\n\t<link rel=\"canonical\" href=\"https:\/\/www.diariosantacruz.com.ar\/?p=5005\" \/>\n\t<meta name=\"generator\" content=\"All in One SEO (AIOSEO) 4.9.8\" \/>\n\t\t<meta property=\"og:locale\" content=\"es_ES\" \/>\n\t\t<meta property=\"og:site_name\" content=\"Diario Santa Cruz - Portal de Noticias de Santa Cruz\" \/>\n\t\t<meta property=\"og:type\" content=\"article\" \/>\n\t\t<meta property=\"og:title\" content=\"Temporal de viento en Rio Gallegos - Diario Santa Cruz\" \/>\n\t\t<meta property=\"og:description\" content=\"El a\u00f1o 2023 comenz\u00f3 con condiciones meteorol\u00f3gicas muy desfavorables para el sur de la provincia de Santa Cruz. De hecho, en las \u00faltimas horas, el Servicio Meteorol\u00f3gico Nacional hab\u00eda emitido un alerta amarillo y, luego, uno naranja para la zona de R\u00edo Gallegos y alrededores. &quot;El \u00e1rea ser\u00e1 afectada por vientos del sector oeste, con\" \/>\n\t\t<meta property=\"og:url\" content=\"https:\/\/www.diariosantacruz.com.ar\/?p=5005\" \/>\n\t\t<meta property=\"article:published_time\" content=\"2023-01-02T21:59:00+00:00\" \/>\n\t\t<meta property=\"article:modified_time\" content=\"2023-01-02T21:59:01+00:00\" \/>\n\t\t<meta property=\"article:publisher\" content=\"https:\/\/www.facebook.com\/Diario-Santa-Cruz-144392651098710\" \/>\n\t\t<meta name=\"twitter:card\" content=\"summary\" \/>\n\t\t<meta name=\"twitter:site\" content=\"@mayorgaelio\" \/>\n\t\t<meta name=\"twitter:title\" content=\"Temporal de viento en Rio Gallegos - Diario Santa Cruz\" \/>\n\t\t<meta name=\"twitter:description\" content=\"El a\u00f1o 2023 comenz\u00f3 con condiciones meteorol\u00f3gicas muy desfavorables para el sur de la provincia de Santa Cruz. De hecho, en las \u00faltimas horas, el Servicio Meteorol\u00f3gico Nacional hab\u00eda emitido un alerta amarillo y, luego, uno naranja para la zona de R\u00edo Gallegos y alrededores. &quot;El \u00e1rea ser\u00e1 afectada por vientos del sector oeste, con\" \/>\n\t\t<meta name=\"twitter:creator\" content=\"@mayorgaelio\" \/>\n\t\t<script type=\"application\/ld+json\" class=\"aioseo-schema\">\n\t\t\t{\"@context\":\"https:\\\/\\\/schema.org\",\"@graph\":[{\"@type\":\"BlogPosting\",\"@id\":\"https:\\\/\\\/www.diariosantacruz.com.ar\\\/?p=5005#blogposting\",\"name\":\"Temporal de viento en Rio Gallegos - Diario Santa Cruz\",\"headline\":\"Temporal de viento en Rio Gallegos\",\"author\":{\"@id\":\"https:\\\/\\\/www.diariosantacruz.com.ar\\\/?author=2#author\"},\"publisher\":{\"@id\":\"https:\\\/\\\/www.diariosantacruz.com.ar\\\/#organization\"},\"image\":{\"@type\":\"ImageObject\",\"url\":\"https:\\\/\\\/www.diariosantacruz.com.ar\\\/wp-content\\\/uploads\\\/2023\\\/01\\\/am-viento-6jpg.jpg\",\"width\":770,\"height\":513},\"datePublished\":\"2023-01-02T18:59:00-03:00\",\"dateModified\":\"2023-01-02T18:59:01-03:00\",\"inLanguage\":\"es-ES\",\"mainEntityOfPage\":{\"@id\":\"https:\\\/\\\/www.diariosantacruz.com.ar\\\/?p=5005#webpage\"},\"isPartOf\":{\"@id\":\"https:\\\/\\\/www.diariosantacruz.com.ar\\\/?p=5005#webpage\"},\"articleSection\":\"Sociedad, clima\"},{\"@type\":\"BreadcrumbList\",\"@id\":\"https:\\\/\\\/www.diariosantacruz.com.ar\\\/?p=5005#breadcrumblist\",\"itemListElement\":[{\"@type\":\"ListItem\",\"@id\":\"https:\\\/\\\/www.diariosantacruz.com.ar#listItem\",\"position\":1,\"name\":\"Inicio\",\"item\":\"https:\\\/\\\/www.diariosantacruz.com.ar\",\"nextItem\":{\"@type\":\"ListItem\",\"@id\":\"https:\\\/\\\/www.diariosantacruz.com.ar\\\/?cat=27#listItem\",\"name\":\"Sociedad\"}},{\"@type\":\"ListItem\",\"@id\":\"https:\\\/\\\/www.diariosantacruz.com.ar\\\/?cat=27#listItem\",\"position\":2,\"name\":\"Sociedad\",\"item\":\"https:\\\/\\\/www.diariosantacruz.com.ar\\\/?cat=27\",\"nextItem\":{\"@type\":\"ListItem\",\"@id\":\"https:\\\/\\\/www.diariosantacruz.com.ar\\\/?p=5005#listItem\",\"name\":\"Temporal de viento en Rio Gallegos\"},\"previousItem\":{\"@type\":\"ListItem\",\"@id\":\"https:\\\/\\\/www.diariosantacruz.com.ar#listItem\",\"name\":\"Inicio\"}},{\"@type\":\"ListItem\",\"@id\":\"https:\\\/\\\/www.diariosantacruz.com.ar\\\/?p=5005#listItem\",\"position\":3,\"name\":\"Temporal de viento en Rio Gallegos\",\"previousItem\":{\"@type\":\"ListItem\",\"@id\":\"https:\\\/\\\/www.diariosantacruz.com.ar\\\/?cat=27#listItem\",\"name\":\"Sociedad\"}}]},{\"@type\":\"Organization\",\"@id\":\"https:\\\/\\\/www.diariosantacruz.com.ar\\\/#organization\",\"name\":\"Diario Santa Cruz\",\"description\":\"Portal de Noticias de Santa Cruz\",\"url\":\"https:\\\/\\\/www.diariosantacruz.com.ar\\\/\",\"sameAs\":[\"https:\\\/\\\/www.facebook.com\\\/Diario-Santa-Cruz-144392651098710\",\"https:\\\/\\\/www.twitter.com\\\/@mayorgaelio\",\"https:\\\/\\\/www.instagram.com\\\/diariosantacruz\\\/\"]},{\"@type\":\"Person\",\"@id\":\"https:\\\/\\\/www.diariosantacruz.com.ar\\\/?author=2#author\",\"url\":\"https:\\\/\\\/www.diariosantacruz.com.ar\\\/?author=2\",\"name\":\"corresponsal\",\"image\":{\"@type\":\"ImageObject\",\"@id\":\"https:\\\/\\\/www.diariosantacruz.com.ar\\\/?p=5005#authorImage\",\"url\":\"https:\\\/\\\/secure.gravatar.com\\\/avatar\\\/1a09ae462a829db06a34bd6218429bede00a69f031224cb1dd695e7e1effd620?s=96&d=mm&r=g\",\"width\":96,\"height\":96,\"caption\":\"corresponsal\"}},{\"@type\":\"WebPage\",\"@id\":\"https:\\\/\\\/www.diariosantacruz.com.ar\\\/?p=5005#webpage\",\"url\":\"https:\\\/\\\/www.diariosantacruz.com.ar\\\/?p=5005\",\"name\":\"Temporal de viento en Rio Gallegos - Diario Santa Cruz\",\"description\":\"El a\\u00f1o 2023 comenz\\u00f3 con condiciones meteorol\\u00f3gicas muy desfavorables para el sur de la provincia de Santa Cruz. De hecho, en las \\u00faltimas horas, el Servicio Meteorol\\u00f3gico Nacional hab\\u00eda emitido un alerta amarillo y, luego, uno naranja para la zona de R\\u00edo Gallegos y alrededores. \\\"El \\u00e1rea ser\\u00e1 afectada por vientos del sector oeste, con\",\"inLanguage\":\"es-ES\",\"isPartOf\":{\"@id\":\"https:\\\/\\\/www.diariosantacruz.com.ar\\\/#website\"},\"breadcrumb\":{\"@id\":\"https:\\\/\\\/www.diariosantacruz.com.ar\\\/?p=5005#breadcrumblist\"},\"author\":{\"@id\":\"https:\\\/\\\/www.diariosantacruz.com.ar\\\/?author=2#author\"},\"creator\":{\"@id\":\"https:\\\/\\\/www.diariosantacruz.com.ar\\\/?author=2#author\"},\"image\":{\"@type\":\"ImageObject\",\"url\":\"https:\\\/\\\/www.diariosantacruz.com.ar\\\/wp-content\\\/uploads\\\/2023\\\/01\\\/am-viento-6jpg.jpg\",\"@id\":\"https:\\\/\\\/www.diariosantacruz.com.ar\\\/?p=5005\\\/#mainImage\",\"width\":770,\"height\":513},\"primaryImageOfPage\":{\"@id\":\"https:\\\/\\\/www.diariosantacruz.com.ar\\\/?p=5005#mainImage\"},\"datePublished\":\"2023-01-02T18:59:00-03:00\",\"dateModified\":\"2023-01-02T18:59:01-03:00\"},{\"@type\":\"WebSite\",\"@id\":\"https:\\\/\\\/www.diariosantacruz.com.ar\\\/#website\",\"url\":\"https:\\\/\\\/www.diariosantacruz.com.ar\\\/\",\"name\":\"Diario Santa Cruz\",\"description\":\"Portal de Noticias de Santa Cruz\",\"inLanguage\":\"es-ES\",\"publisher\":{\"@id\":\"https:\\\/\\\/www.diariosantacruz.com.ar\\\/#organization\"}}]}\n\t\t<\/script>\n\t\t<!-- All in One SEO -->\n\n","aioseo_head_json":{"title":"Temporal de viento en Rio Gallegos - Diario Santa Cruz","description":"El a\u00f1o 2023 comenz\u00f3 con condiciones meteorol\u00f3gicas muy desfavorables para el sur de la provincia de Santa Cruz. De hecho, en las \u00faltimas horas, el Servicio Meteorol\u00f3gico Nacional hab\u00eda emitido un alerta amarillo y, luego, uno naranja para la zona de R\u00edo Gallegos y alrededores. \"El \u00e1rea ser\u00e1 afectada por vientos del sector oeste, con","canonical_url":"https:\/\/www.diariosantacruz.com.ar\/?p=5005","robots":"max-image-preview:large","keywords":"","webmasterTools":{"miscellaneous":""},"schema":{"@context":"https:\/\/schema.org","@graph":[{"@type":"BlogPosting","@id":"https:\/\/www.diariosantacruz.com.ar\/?p=5005#blogposting","name":"Temporal de viento en Rio Gallegos - Diario Santa Cruz","headline":"Temporal de viento en Rio Gallegos","author":{"@id":"https:\/\/www.diariosantacruz.com.ar\/?author=2#author"},"publisher":{"@id":"https:\/\/www.diariosantacruz.com.ar\/#organization"},"image":{"@type":"ImageObject","url":"https:\/\/www.diariosantacruz.com.ar\/wp-content\/uploads\/2023\/01\/am-viento-6jpg.jpg","width":770,"height":513},"datePublished":"2023-01-02T18:59:00-03:00","dateModified":"2023-01-02T18:59:01-03:00","inLanguage":"es-ES","mainEntityOfPage":{"@id":"https:\/\/www.diariosantacruz.com.ar\/?p=5005#webpage"},"isPartOf":{"@id":"https:\/\/www.diariosantacruz.com.ar\/?p=5005#webpage"},"articleSection":"Sociedad, clima"},{"@type":"BreadcrumbList","@id":"https:\/\/www.diariosantacruz.com.ar\/?p=5005#breadcrumblist","itemListElement":[{"@type":"ListItem","@id":"https:\/\/www.diariosantacruz.com.ar#listItem","position":1,"name":"Inicio","item":"https:\/\/www.diariosantacruz.com.ar","nextItem":{"@type":"ListItem","@id":"https:\/\/www.diariosantacruz.com.ar\/?cat=27#listItem","name":"Sociedad"}},{"@type":"ListItem","@id":"https:\/\/www.diariosantacruz.com.ar\/?cat=27#listItem","position":2,"name":"Sociedad","item":"https:\/\/www.diariosantacruz.com.ar\/?cat=27","nextItem":{"@type":"ListItem","@id":"https:\/\/www.diariosantacruz.com.ar\/?p=5005#listItem","name":"Temporal de viento en Rio Gallegos"},"previousItem":{"@type":"ListItem","@id":"https:\/\/www.diariosantacruz.com.ar#listItem","name":"Inicio"}},{"@type":"ListItem","@id":"https:\/\/www.diariosantacruz.com.ar\/?p=5005#listItem","position":3,"name":"Temporal de viento en Rio Gallegos","previousItem":{"@type":"ListItem","@id":"https:\/\/www.diariosantacruz.com.ar\/?cat=27#listItem","name":"Sociedad"}}]},{"@type":"Organization","@id":"https:\/\/www.diariosantacruz.com.ar\/#organization","name":"Diario Santa Cruz","description":"Portal de Noticias de Santa Cruz","url":"https:\/\/www.diariosantacruz.com.ar\/","sameAs":["https:\/\/www.facebook.com\/Diario-Santa-Cruz-144392651098710","https:\/\/www.twitter.com\/@mayorgaelio","https:\/\/www.instagram.com\/diariosantacruz\/"]},{"@type":"Person","@id":"https:\/\/www.diariosantacruz.com.ar\/?author=2#author","url":"https:\/\/www.diariosantacruz.com.ar\/?author=2","name":"corresponsal","image":{"@type":"ImageObject","@id":"https:\/\/www.diariosantacruz.com.ar\/?p=5005#authorImage","url":"https:\/\/secure.gravatar.com\/avatar\/1a09ae462a829db06a34bd6218429bede00a69f031224cb1dd695e7e1effd620?s=96&d=mm&r=g","width":96,"height":96,"caption":"corresponsal"}},{"@type":"WebPage","@id":"https:\/\/www.diariosantacruz.com.ar\/?p=5005#webpage","url":"https:\/\/www.diariosantacruz.com.ar\/?p=5005","name":"Temporal de viento en Rio Gallegos - Diario Santa Cruz","description":"El a\u00f1o 2023 comenz\u00f3 con condiciones meteorol\u00f3gicas muy desfavorables para el sur de la provincia de Santa Cruz. De hecho, en las \u00faltimas horas, el Servicio Meteorol\u00f3gico Nacional hab\u00eda emitido un alerta amarillo y, luego, uno naranja para la zona de R\u00edo Gallegos y alrededores. \"El \u00e1rea ser\u00e1 afectada por vientos del sector oeste, con","inLanguage":"es-ES","isPartOf":{"@id":"https:\/\/www.diariosantacruz.com.ar\/#website"},"breadcrumb":{"@id":"https:\/\/www.diariosantacruz.com.ar\/?p=5005#breadcrumblist"},"author":{"@id":"https:\/\/www.diariosantacruz.com.ar\/?author=2#author"},"creator":{"@id":"https:\/\/www.diariosantacruz.com.ar\/?author=2#author"},"image":{"@type":"ImageObject","url":"https:\/\/www.diariosantacruz.com.ar\/wp-content\/uploads\/2023\/01\/am-viento-6jpg.jpg","@id":"https:\/\/www.diariosantacruz.com.ar\/?p=5005\/#mainImage","width":770,"height":513},"primaryImageOfPage":{"@id":"https:\/\/www.diariosantacruz.com.ar\/?p=5005#mainImage"},"datePublished":"2023-01-02T18:59:00-03:00","dateModified":"2023-01-02T18:59:01-03:00"},{"@type":"WebSite","@id":"https:\/\/www.diariosantacruz.com.ar\/#website","url":"https:\/\/www.diariosantacruz.com.ar\/","name":"Diario Santa Cruz","description":"Portal de Noticias de Santa Cruz","inLanguage":"es-ES","publisher":{"@id":"https:\/\/www.diariosantacruz.com.ar\/#organization"}}]},"og:locale":"es_ES","og:site_name":"Diario Santa Cruz - Portal de Noticias de Santa Cruz","og:type":"article","og:title":"Temporal de viento en Rio Gallegos - Diario Santa Cruz","og:description":"El a\u00f1o 2023 comenz\u00f3 con condiciones meteorol\u00f3gicas muy desfavorables para el sur de la provincia de Santa Cruz. De hecho, en las \u00faltimas horas, el Servicio Meteorol\u00f3gico Nacional hab\u00eda emitido un alerta amarillo y, luego, uno naranja para la zona de R\u00edo Gallegos y alrededores. &quot;El \u00e1rea ser\u00e1 afectada por vientos del sector oeste, con","og:url":"https:\/\/www.diariosantacruz.com.ar\/?p=5005","article:published_time":"2023-01-02T21:59:00+00:00","article:modified_time":"2023-01-02T21:59:01+00:00","article:publisher":"https:\/\/www.facebook.com\/Diario-Santa-Cruz-144392651098710","twitter:card":"summary","twitter:site":"@mayorgaelio","twitter:title":"Temporal de viento en Rio Gallegos - Diario Santa Cruz","twitter:description":"El a\u00f1o 2023 comenz\u00f3 con condiciones meteorol\u00f3gicas muy desfavorables para el sur de la provincia de Santa Cruz. De hecho, en las \u00faltimas horas, el Servicio Meteorol\u00f3gico Nacional hab\u00eda emitido un alerta amarillo y, luego, uno naranja para la zona de R\u00edo Gallegos y alrededores. &quot;El \u00e1rea ser\u00e1 afectada por vientos del sector oeste, con","twitter:creator":"@mayorgaelio"},"aioseo_meta_data":{"post_id":"5005","title":null,"description":null,"keywords":[],"keyphrases":{"focus":{"keyphrase":"","score":0,"analysis":{"keyphraseInTitle":{"score":0,"maxScore":9,"error":1}}},"additional":[]},"primary_term":null,"canonical_url":null,"og_title":null,"og_description":null,"og_object_type":"default","og_image_type":"default","og_image_url":null,"og_image_width":null,"og_image_height":null,"og_image_custom_url":null,"og_image_custom_fields":null,"og_video":"","og_custom_url":null,"og_article_section":null,"og_article_tags":[],"twitter_use_og":false,"twitter_card":"default","twitter_image_type":"default","twitter_image_url":null,"twitter_image_custom_url":null,"twitter_image_custom_fields":null,"twitter_title":null,"twitter_description":null,"schema":{"blockGraphs":[],"customGraphs":[],"default":{"data":{"Article":[],"Course":[],"Dataset":[],"FAQPage":[],"Movie":[],"Person":[],"Product":[],"ProductReview":[],"Car":[],"Recipe":[],"Service":[],"SoftwareApplication":[],"WebPage":[]},"graphName":"BlogPosting","isEnabled":true},"graphs":[]},"schema_type":"default","schema_type_options":null,"pillar_content":false,"robots_default":true,"robots_noindex":false,"robots_noarchive":false,"robots_nosnippet":false,"robots_nofollow":false,"robots_noimageindex":false,"robots_noodp":false,"robots_notranslate":false,"robots_max_snippet":"-1","robots_max_videopreview":"-1","robots_max_imagepreview":"large","priority":null,"frequency":"default","local_seo":null,"breadcrumb_settings":null,"limit_modified_date":false,"ai":null,"created":"2023-01-02 21:59:01","updated":"2025-06-05 05:37:26","seo_analyzer_scan_date":null},"aioseo_breadcrumb":"<div class=\"aioseo-breadcrumbs\"><span class=\"aioseo-breadcrumb\">\n\t\t\t<a href=\"https:\/\/www.diariosantacruz.com.ar\" title=\"Inicio\">Inicio<\/a>\n\t\t<\/span><span class=\"aioseo-breadcrumb-separator\">&raquo;<\/span><span class=\"aioseo-breadcrumb\">\n\t\t\t<a href=\"https:\/\/www.diariosantacruz.com.ar\/?cat=27\" title=\"Sociedad\">Sociedad<\/a>\n\t\t<\/span><span class=\"aioseo-breadcrumb-separator\">&raquo;<\/span><span class=\"aioseo-breadcrumb\">\n\t\t\tTemporal de viento en Rio Gallegos\n\t\t<\/span><\/div>","aioseo_breadcrumb_json":[{"label":"Inicio","link":"https:\/\/www.diariosantacruz.com.ar"},{"label":"Sociedad","link":"https:\/\/www.diariosantacruz.com.ar\/?cat=27"},{"label":"Temporal de viento en Rio Gallegos","link":"https:\/\/www.diariosantacruz.com.ar\/?p=5005"}],"_links":{"self":[{"href":"https:\/\/www.diariosantacruz.com.ar\/index.php?rest_route=\/wp\/v2\/posts\/5005","targetHints":{"allow":["GET"]}}],"collection":[{"href":"https:\/\/www.diariosantacruz.com.ar\/index.php?rest_route=\/wp\/v2\/posts"}],"about":[{"href":"https:\/\/www.diariosantacruz.com.ar\/index.php?rest_route=\/wp\/v2\/types\/post"}],"author":[{"embeddable":true,"href":"https:\/\/www.diariosantacruz.com.ar\/index.php?rest_route=\/wp\/v2\/users\/2"}],"replies":[{"embeddable":true,"href":"https:\/\/www.diariosantacruz.com.ar\/index.php?rest_route=%2Fwp%2Fv2%2Fcomments&post=5005"}],"version-history":[{"count":1,"href":"https:\/\/www.diariosantacruz.com.ar\/index.php?rest_route=\/wp\/v2\/posts\/5005\/revisions"}],"predecessor-version":[{"id":5007,"href":"https:\/\/www.diariosantacruz.com.ar\/index.php?rest_route=\/wp\/v2\/posts\/5005\/revisions\/5007"}],"wp:featuredmedia":[{"embeddable":true,"href":"https:\/\/www.diariosantacruz.com.ar\/index.php?rest_route=\/wp\/v2\/media\/5006"}],"wp:attachment":[{"href":"https:\/\/www.diariosantacruz.com.ar\/index.php?rest_route=%2Fwp%2Fv2%2Fmedia&parent=5005"}],"wp:term":[{"taxonomy":"category","embeddable":true,"href":"https:\/\/www.diariosantacruz.com.ar\/index.php?rest_route=%2Fwp%2Fv2%2Fcategories&post=5005"},{"taxonomy":"post_tag","embeddable":true,"href":"https:\/\/www.diariosantacruz.com.ar\/index.php?rest_route=%2Fwp%2Fv2%2Ftags&post=5005"}],"curies":[{"name":"wp","href":"https:\/\/api.w.org\/{rel}","templated":true}]}}