{"id":5023,"date":"2023-01-03T19:37:59","date_gmt":"2023-01-03T22:37:59","guid":{"rendered":"https:\/\/www.diariosantacruz.com.ar\/?p=5023"},"modified":"2023-01-03T19:41:32","modified_gmt":"2023-01-03T22:41:32","slug":"asumio-nuevo-jefe-de-la-prefectura-de-zona-mar-argentino-sur","status":"publish","type":"post","link":"https:\/\/www.diariosantacruz.com.ar\/?p=5023","title":{"rendered":"Asumi\u00f3 nuevo jefe de la Prefectura de Zona Mar Argentino Sur"},"content":{"rendered":"\n<h2 class=\"wp-block-heading\">Esta ma\u00f1ana, la presidente del Concejo Deliberante de R\u00edo Gallegos a cargo del Ejecutivo Municipal, Paola Costa, particip\u00f3 de la ceremonia de cambio de jefes de la Prefectura de Zona<\/h2>\n\n\n\n<p class=\"wp-block-paragraph\">En la oportunidad, el director de Regi\u00f3n Sur Prefecto General Carlos Esteban Salaburu puso en funciones nuevo titular de la Prefectura de Zona Mar Argentino Sur Prefecto Mayor N\u00e9stor Alberto Kiferling.<\/p>\n\n\n\n<p class=\"wp-block-paragraph\">De la ceremonia participaron los secretarios municipales de Legal y T\u00e9cnica Gonzalo Chute y, de Deporte H\u00e9ctor Alderete. Adem\u00e1s, acompa\u00f1aron concejales y autoridades de las distintas Fuerzas Armadas y de Seguridad con asiento en esta capital.<\/p>\n\n\n\n<p class=\"wp-block-paragraph\">En la ocasi\u00f3n, el Prefecto mayor Alfredo Oscar Palozzo hizo uso de la palabra donde con emoci\u00f3n agradeci\u00f3 el acompa\u00f1amiento brindado por sus camaradas; como as\u00ed tambi\u00e9n a los integrantes de las distintas fuerzas, al gobierno provincial y municipal; y en especial a su familia. Por \u00faltimo, dio la bienvenida al nuevo jefe de la fuerza con sus mejores augurios en su gesti\u00f3n.<\/p>\n\n\n\n<figure class=\"wp-block-image size-full\"><img loading=\"lazy\" decoding=\"async\" width=\"626\" height=\"418\" src=\"https:\/\/www.diariosantacruz.com.ar\/wp-content\/uploads\/2023\/01\/323419334_865958624724293_8167527421187209146_n.jpg\" alt=\"\" class=\"wp-image-5024\" srcset=\"https:\/\/www.diariosantacruz.com.ar\/wp-content\/uploads\/2023\/01\/323419334_865958624724293_8167527421187209146_n.jpg 626w, https:\/\/www.diariosantacruz.com.ar\/wp-content\/uploads\/2023\/01\/323419334_865958624724293_8167527421187209146_n-300x200.jpg 300w\" sizes=\"auto, (max-width: 626px) 100vw, 626px\" \/><\/figure>\n\n\n\n<figure class=\"wp-block-image size-full\"><img loading=\"lazy\" decoding=\"async\" width=\"652\" height=\"401\" src=\"https:\/\/www.diariosantacruz.com.ar\/wp-content\/uploads\/2023\/01\/323097754_703651401318926_1212229815835154582_n.jpg\" alt=\"\" class=\"wp-image-5025\" srcset=\"https:\/\/www.diariosantacruz.com.ar\/wp-content\/uploads\/2023\/01\/323097754_703651401318926_1212229815835154582_n.jpg 652w, https:\/\/www.diariosantacruz.com.ar\/wp-content\/uploads\/2023\/01\/323097754_703651401318926_1212229815835154582_n-300x185.jpg 300w\" sizes=\"auto, (max-width: 652px) 100vw, 652px\" \/><\/figure>\n","protected":false},"excerpt":{"rendered":"<p>Esta ma\u00f1ana, la presidente del Concejo Deliberante de R\u00edo Gallegos a cargo del Ejecutivo Municipal,<\/p>\n","protected":false},"author":2,"featured_media":5024,"comment_status":"open","ping_status":"open","sticky":false,"template":"","format":"standard","meta":{"_monsterinsights_skip_tracking":false,"footnotes":""},"categories":[27],"tags":[499],"class_list":["post-5023","post","type-post","status-publish","format-standard","has-post-thumbnail","hentry","category-sociedad","tag-prefectura"],"aioseo_notices":[],"aioseo_head":"\n\t\t<!-- All in One SEO 4.9.8 - aioseo.com -->\n\t<meta name=\"description\" content=\"Esta ma\u00f1ana, la presidente del Concejo Deliberante de R\u00edo Gallegos a cargo del Ejecutivo Municipal, Paola Costa, particip\u00f3 de la ceremonia de cambio de jefes de la Prefectura de Zona En la oportunidad, el director de Regi\u00f3n Sur Prefecto General Carlos Esteban Salaburu puso en funciones nuevo titular de la Prefectura de Zona Mar Argentino\" \/>\n\t<meta name=\"robots\" content=\"max-image-preview:large\" \/>\n\t<meta name=\"author\" content=\"corresponsal\"\/>\n\t<link rel=\"canonical\" href=\"https:\/\/www.diariosantacruz.com.ar\/?p=5023\" \/>\n\t<meta name=\"generator\" content=\"All in One SEO (AIOSEO) 4.9.8\" \/>\n\t\t<meta property=\"og:locale\" content=\"es_ES\" \/>\n\t\t<meta property=\"og:site_name\" content=\"Diario Santa Cruz - Portal de Noticias de Santa Cruz\" \/>\n\t\t<meta property=\"og:type\" content=\"article\" \/>\n\t\t<meta property=\"og:title\" content=\"Asumi\u00f3 nuevo jefe de la Prefectura de Zona Mar Argentino Sur - Diario Santa Cruz\" \/>\n\t\t<meta property=\"og:description\" content=\"Esta ma\u00f1ana, la presidente del Concejo Deliberante de R\u00edo Gallegos a cargo del Ejecutivo Municipal, Paola Costa, particip\u00f3 de la ceremonia de cambio de jefes de la Prefectura de Zona En la oportunidad, el director de Regi\u00f3n Sur Prefecto General Carlos Esteban Salaburu puso en funciones nuevo titular de la Prefectura de Zona Mar Argentino\" \/>\n\t\t<meta property=\"og:url\" content=\"https:\/\/www.diariosantacruz.com.ar\/?p=5023\" \/>\n\t\t<meta property=\"article:published_time\" content=\"2023-01-03T22:37:59+00:00\" \/>\n\t\t<meta property=\"article:modified_time\" content=\"2023-01-03T22:41:32+00:00\" \/>\n\t\t<meta property=\"article:publisher\" content=\"https:\/\/www.facebook.com\/Diario-Santa-Cruz-144392651098710\" \/>\n\t\t<meta name=\"twitter:card\" content=\"summary\" \/>\n\t\t<meta name=\"twitter:site\" content=\"@mayorgaelio\" \/>\n\t\t<meta name=\"twitter:title\" content=\"Asumi\u00f3 nuevo jefe de la Prefectura de Zona Mar Argentino Sur - Diario Santa Cruz\" \/>\n\t\t<meta name=\"twitter:description\" content=\"Esta ma\u00f1ana, la presidente del Concejo Deliberante de R\u00edo Gallegos a cargo del Ejecutivo Municipal, Paola Costa, particip\u00f3 de la ceremonia de cambio de jefes de la Prefectura de Zona En la oportunidad, el director de Regi\u00f3n Sur Prefecto General Carlos Esteban Salaburu puso en funciones nuevo titular de la Prefectura de Zona Mar Argentino\" \/>\n\t\t<meta name=\"twitter:creator\" content=\"@mayorgaelio\" \/>\n\t\t<script type=\"application\/ld+json\" class=\"aioseo-schema\">\n\t\t\t{\"@context\":\"https:\\\/\\\/schema.org\",\"@graph\":[{\"@type\":\"BlogPosting\",\"@id\":\"https:\\\/\\\/www.diariosantacruz.com.ar\\\/?p=5023#blogposting\",\"name\":\"Asumi\\u00f3 nuevo jefe de la Prefectura de Zona Mar Argentino Sur - Diario Santa Cruz\",\"headline\":\"Asumi\\u00f3 nuevo jefe de la Prefectura de Zona Mar Argentino Sur\",\"author\":{\"@id\":\"https:\\\/\\\/www.diariosantacruz.com.ar\\\/?author=2#author\"},\"publisher\":{\"@id\":\"https:\\\/\\\/www.diariosantacruz.com.ar\\\/#organization\"},\"image\":{\"@type\":\"ImageObject\",\"url\":\"https:\\\/\\\/www.diariosantacruz.com.ar\\\/wp-content\\\/uploads\\\/2023\\\/01\\\/323419334_865958624724293_8167527421187209146_n.jpg\",\"width\":626,\"height\":418},\"datePublished\":\"2023-01-03T19:37:59-03:00\",\"dateModified\":\"2023-01-03T19:41:32-03:00\",\"inLanguage\":\"es-ES\",\"mainEntityOfPage\":{\"@id\":\"https:\\\/\\\/www.diariosantacruz.com.ar\\\/?p=5023#webpage\"},\"isPartOf\":{\"@id\":\"https:\\\/\\\/www.diariosantacruz.com.ar\\\/?p=5023#webpage\"},\"articleSection\":\"Sociedad, PREFECTURA\"},{\"@type\":\"BreadcrumbList\",\"@id\":\"https:\\\/\\\/www.diariosantacruz.com.ar\\\/?p=5023#breadcrumblist\",\"itemListElement\":[{\"@type\":\"ListItem\",\"@id\":\"https:\\\/\\\/www.diariosantacruz.com.ar#listItem\",\"position\":1,\"name\":\"Inicio\",\"item\":\"https:\\\/\\\/www.diariosantacruz.com.ar\",\"nextItem\":{\"@type\":\"ListItem\",\"@id\":\"https:\\\/\\\/www.diariosantacruz.com.ar\\\/?cat=27#listItem\",\"name\":\"Sociedad\"}},{\"@type\":\"ListItem\",\"@id\":\"https:\\\/\\\/www.diariosantacruz.com.ar\\\/?cat=27#listItem\",\"position\":2,\"name\":\"Sociedad\",\"item\":\"https:\\\/\\\/www.diariosantacruz.com.ar\\\/?cat=27\",\"nextItem\":{\"@type\":\"ListItem\",\"@id\":\"https:\\\/\\\/www.diariosantacruz.com.ar\\\/?p=5023#listItem\",\"name\":\"Asumi\\u00f3 nuevo jefe de la Prefectura de Zona Mar Argentino Sur\"},\"previousItem\":{\"@type\":\"ListItem\",\"@id\":\"https:\\\/\\\/www.diariosantacruz.com.ar#listItem\",\"name\":\"Inicio\"}},{\"@type\":\"ListItem\",\"@id\":\"https:\\\/\\\/www.diariosantacruz.com.ar\\\/?p=5023#listItem\",\"position\":3,\"name\":\"Asumi\\u00f3 nuevo jefe de la Prefectura de Zona Mar Argentino Sur\",\"previousItem\":{\"@type\":\"ListItem\",\"@id\":\"https:\\\/\\\/www.diariosantacruz.com.ar\\\/?cat=27#listItem\",\"name\":\"Sociedad\"}}]},{\"@type\":\"Organization\",\"@id\":\"https:\\\/\\\/www.diariosantacruz.com.ar\\\/#organization\",\"name\":\"Diario Santa Cruz\",\"description\":\"Portal de Noticias de Santa Cruz\",\"url\":\"https:\\\/\\\/www.diariosantacruz.com.ar\\\/\",\"sameAs\":[\"https:\\\/\\\/www.facebook.com\\\/Diario-Santa-Cruz-144392651098710\",\"https:\\\/\\\/www.twitter.com\\\/@mayorgaelio\",\"https:\\\/\\\/www.instagram.com\\\/diariosantacruz\\\/\"]},{\"@type\":\"Person\",\"@id\":\"https:\\\/\\\/www.diariosantacruz.com.ar\\\/?author=2#author\",\"url\":\"https:\\\/\\\/www.diariosantacruz.com.ar\\\/?author=2\",\"name\":\"corresponsal\",\"image\":{\"@type\":\"ImageObject\",\"@id\":\"https:\\\/\\\/www.diariosantacruz.com.ar\\\/?p=5023#authorImage\",\"url\":\"https:\\\/\\\/secure.gravatar.com\\\/avatar\\\/1a09ae462a829db06a34bd6218429bede00a69f031224cb1dd695e7e1effd620?s=96&d=mm&r=g\",\"width\":96,\"height\":96,\"caption\":\"corresponsal\"}},{\"@type\":\"WebPage\",\"@id\":\"https:\\\/\\\/www.diariosantacruz.com.ar\\\/?p=5023#webpage\",\"url\":\"https:\\\/\\\/www.diariosantacruz.com.ar\\\/?p=5023\",\"name\":\"Asumi\\u00f3 nuevo jefe de la Prefectura de Zona Mar Argentino Sur - Diario Santa Cruz\",\"description\":\"Esta ma\\u00f1ana, la presidente del Concejo Deliberante de R\\u00edo Gallegos a cargo del Ejecutivo Municipal, Paola Costa, particip\\u00f3 de la ceremonia de cambio de jefes de la Prefectura de Zona En la oportunidad, el director de Regi\\u00f3n Sur Prefecto General Carlos Esteban Salaburu puso en funciones nuevo titular de la Prefectura de Zona Mar Argentino\",\"inLanguage\":\"es-ES\",\"isPartOf\":{\"@id\":\"https:\\\/\\\/www.diariosantacruz.com.ar\\\/#website\"},\"breadcrumb\":{\"@id\":\"https:\\\/\\\/www.diariosantacruz.com.ar\\\/?p=5023#breadcrumblist\"},\"author\":{\"@id\":\"https:\\\/\\\/www.diariosantacruz.com.ar\\\/?author=2#author\"},\"creator\":{\"@id\":\"https:\\\/\\\/www.diariosantacruz.com.ar\\\/?author=2#author\"},\"image\":{\"@type\":\"ImageObject\",\"url\":\"https:\\\/\\\/www.diariosantacruz.com.ar\\\/wp-content\\\/uploads\\\/2023\\\/01\\\/323419334_865958624724293_8167527421187209146_n.jpg\",\"@id\":\"https:\\\/\\\/www.diariosantacruz.com.ar\\\/?p=5023\\\/#mainImage\",\"width\":626,\"height\":418},\"primaryImageOfPage\":{\"@id\":\"https:\\\/\\\/www.diariosantacruz.com.ar\\\/?p=5023#mainImage\"},\"datePublished\":\"2023-01-03T19:37:59-03:00\",\"dateModified\":\"2023-01-03T19:41:32-03:00\"},{\"@type\":\"WebSite\",\"@id\":\"https:\\\/\\\/www.diariosantacruz.com.ar\\\/#website\",\"url\":\"https:\\\/\\\/www.diariosantacruz.com.ar\\\/\",\"name\":\"Diario Santa Cruz\",\"description\":\"Portal de Noticias de Santa Cruz\",\"inLanguage\":\"es-ES\",\"publisher\":{\"@id\":\"https:\\\/\\\/www.diariosantacruz.com.ar\\\/#organization\"}}]}\n\t\t<\/script>\n\t\t<!-- All in One SEO -->\n\n","aioseo_head_json":{"title":"Asumi\u00f3 nuevo jefe de la Prefectura de Zona Mar Argentino Sur - Diario Santa Cruz","description":"Esta ma\u00f1ana, la presidente del Concejo Deliberante de R\u00edo Gallegos a cargo del Ejecutivo Municipal, Paola Costa, particip\u00f3 de la ceremonia de cambio de jefes de la Prefectura de Zona En la oportunidad, el director de Regi\u00f3n Sur Prefecto General Carlos Esteban Salaburu puso en funciones nuevo titular de la Prefectura de Zona Mar Argentino","canonical_url":"https:\/\/www.diariosantacruz.com.ar\/?p=5023","robots":"max-image-preview:large","keywords":"","webmasterTools":{"miscellaneous":""},"schema":{"@context":"https:\/\/schema.org","@graph":[{"@type":"BlogPosting","@id":"https:\/\/www.diariosantacruz.com.ar\/?p=5023#blogposting","name":"Asumi\u00f3 nuevo jefe de la Prefectura de Zona Mar Argentino Sur - Diario Santa Cruz","headline":"Asumi\u00f3 nuevo jefe de la Prefectura de Zona Mar Argentino Sur","author":{"@id":"https:\/\/www.diariosantacruz.com.ar\/?author=2#author"},"publisher":{"@id":"https:\/\/www.diariosantacruz.com.ar\/#organization"},"image":{"@type":"ImageObject","url":"https:\/\/www.diariosantacruz.com.ar\/wp-content\/uploads\/2023\/01\/323419334_865958624724293_8167527421187209146_n.jpg","width":626,"height":418},"datePublished":"2023-01-03T19:37:59-03:00","dateModified":"2023-01-03T19:41:32-03:00","inLanguage":"es-ES","mainEntityOfPage":{"@id":"https:\/\/www.diariosantacruz.com.ar\/?p=5023#webpage"},"isPartOf":{"@id":"https:\/\/www.diariosantacruz.com.ar\/?p=5023#webpage"},"articleSection":"Sociedad, PREFECTURA"},{"@type":"BreadcrumbList","@id":"https:\/\/www.diariosantacruz.com.ar\/?p=5023#breadcrumblist","itemListElement":[{"@type":"ListItem","@id":"https:\/\/www.diariosantacruz.com.ar#listItem","position":1,"name":"Inicio","item":"https:\/\/www.diariosantacruz.com.ar","nextItem":{"@type":"ListItem","@id":"https:\/\/www.diariosantacruz.com.ar\/?cat=27#listItem","name":"Sociedad"}},{"@type":"ListItem","@id":"https:\/\/www.diariosantacruz.com.ar\/?cat=27#listItem","position":2,"name":"Sociedad","item":"https:\/\/www.diariosantacruz.com.ar\/?cat=27","nextItem":{"@type":"ListItem","@id":"https:\/\/www.diariosantacruz.com.ar\/?p=5023#listItem","name":"Asumi\u00f3 nuevo jefe de la Prefectura de Zona Mar Argentino Sur"},"previousItem":{"@type":"ListItem","@id":"https:\/\/www.diariosantacruz.com.ar#listItem","name":"Inicio"}},{"@type":"ListItem","@id":"https:\/\/www.diariosantacruz.com.ar\/?p=5023#listItem","position":3,"name":"Asumi\u00f3 nuevo jefe de la Prefectura de Zona Mar Argentino Sur","previousItem":{"@type":"ListItem","@id":"https:\/\/www.diariosantacruz.com.ar\/?cat=27#listItem","name":"Sociedad"}}]},{"@type":"Organization","@id":"https:\/\/www.diariosantacruz.com.ar\/#organization","name":"Diario Santa Cruz","description":"Portal de Noticias de Santa Cruz","url":"https:\/\/www.diariosantacruz.com.ar\/","sameAs":["https:\/\/www.facebook.com\/Diario-Santa-Cruz-144392651098710","https:\/\/www.twitter.com\/@mayorgaelio","https:\/\/www.instagram.com\/diariosantacruz\/"]},{"@type":"Person","@id":"https:\/\/www.diariosantacruz.com.ar\/?author=2#author","url":"https:\/\/www.diariosantacruz.com.ar\/?author=2","name":"corresponsal","image":{"@type":"ImageObject","@id":"https:\/\/www.diariosantacruz.com.ar\/?p=5023#authorImage","url":"https:\/\/secure.gravatar.com\/avatar\/1a09ae462a829db06a34bd6218429bede00a69f031224cb1dd695e7e1effd620?s=96&d=mm&r=g","width":96,"height":96,"caption":"corresponsal"}},{"@type":"WebPage","@id":"https:\/\/www.diariosantacruz.com.ar\/?p=5023#webpage","url":"https:\/\/www.diariosantacruz.com.ar\/?p=5023","name":"Asumi\u00f3 nuevo jefe de la Prefectura de Zona Mar Argentino Sur - Diario Santa Cruz","description":"Esta ma\u00f1ana, la presidente del Concejo Deliberante de R\u00edo Gallegos a cargo del Ejecutivo Municipal, Paola Costa, particip\u00f3 de la ceremonia de cambio de jefes de la Prefectura de Zona En la oportunidad, el director de Regi\u00f3n Sur Prefecto General Carlos Esteban Salaburu puso en funciones nuevo titular de la Prefectura de Zona Mar Argentino","inLanguage":"es-ES","isPartOf":{"@id":"https:\/\/www.diariosantacruz.com.ar\/#website"},"breadcrumb":{"@id":"https:\/\/www.diariosantacruz.com.ar\/?p=5023#breadcrumblist"},"author":{"@id":"https:\/\/www.diariosantacruz.com.ar\/?author=2#author"},"creator":{"@id":"https:\/\/www.diariosantacruz.com.ar\/?author=2#author"},"image":{"@type":"ImageObject","url":"https:\/\/www.diariosantacruz.com.ar\/wp-content\/uploads\/2023\/01\/323419334_865958624724293_8167527421187209146_n.jpg","@id":"https:\/\/www.diariosantacruz.com.ar\/?p=5023\/#mainImage","width":626,"height":418},"primaryImageOfPage":{"@id":"https:\/\/www.diariosantacruz.com.ar\/?p=5023#mainImage"},"datePublished":"2023-01-03T19:37:59-03:00","dateModified":"2023-01-03T19:41:32-03:00"},{"@type":"WebSite","@id":"https:\/\/www.diariosantacruz.com.ar\/#website","url":"https:\/\/www.diariosantacruz.com.ar\/","name":"Diario Santa Cruz","description":"Portal de Noticias de Santa Cruz","inLanguage":"es-ES","publisher":{"@id":"https:\/\/www.diariosantacruz.com.ar\/#organization"}}]},"og:locale":"es_ES","og:site_name":"Diario Santa Cruz - Portal de Noticias de Santa Cruz","og:type":"article","og:title":"Asumi\u00f3 nuevo jefe de la Prefectura de Zona Mar Argentino Sur - Diario Santa Cruz","og:description":"Esta ma\u00f1ana, la presidente del Concejo Deliberante de R\u00edo Gallegos a cargo del Ejecutivo Municipal, Paola Costa, particip\u00f3 de la ceremonia de cambio de jefes de la Prefectura de Zona En la oportunidad, el director de Regi\u00f3n Sur Prefecto General Carlos Esteban Salaburu puso en funciones nuevo titular de la Prefectura de Zona Mar Argentino","og:url":"https:\/\/www.diariosantacruz.com.ar\/?p=5023","article:published_time":"2023-01-03T22:37:59+00:00","article:modified_time":"2023-01-03T22:41:32+00:00","article:publisher":"https:\/\/www.facebook.com\/Diario-Santa-Cruz-144392651098710","twitter:card":"summary","twitter:site":"@mayorgaelio","twitter:title":"Asumi\u00f3 nuevo jefe de la Prefectura de Zona Mar Argentino Sur - Diario Santa Cruz","twitter:description":"Esta ma\u00f1ana, la presidente del Concejo Deliberante de R\u00edo Gallegos a cargo del Ejecutivo Municipal, Paola Costa, particip\u00f3 de la ceremonia de cambio de jefes de la Prefectura de Zona En la oportunidad, el director de Regi\u00f3n Sur Prefecto General Carlos Esteban Salaburu puso en funciones nuevo titular de la Prefectura de Zona Mar Argentino","twitter:creator":"@mayorgaelio"},"aioseo_meta_data":{"post_id":"5023","title":null,"description":null,"keywords":[],"keyphrases":{"focus":{"keyphrase":"","score":0,"analysis":{"keyphraseInTitle":{"score":0,"maxScore":9,"error":1}}},"additional":[]},"primary_term":null,"canonical_url":null,"og_title":null,"og_description":null,"og_object_type":"default","og_image_type":"default","og_image_url":null,"og_image_width":null,"og_image_height":null,"og_image_custom_url":null,"og_image_custom_fields":null,"og_video":"","og_custom_url":null,"og_article_section":null,"og_article_tags":[],"twitter_use_og":false,"twitter_card":"default","twitter_image_type":"default","twitter_image_url":null,"twitter_image_custom_url":null,"twitter_image_custom_fields":null,"twitter_title":null,"twitter_description":null,"schema":{"blockGraphs":[],"customGraphs":[],"default":{"data":{"Article":[],"Course":[],"Dataset":[],"FAQPage":[],"Movie":[],"Person":[],"Product":[],"ProductReview":[],"Car":[],"Recipe":[],"Service":[],"SoftwareApplication":[],"WebPage":[]},"graphName":"BlogPosting","isEnabled":true},"graphs":[]},"schema_type":"default","schema_type_options":null,"pillar_content":false,"robots_default":true,"robots_noindex":false,"robots_noarchive":false,"robots_nosnippet":false,"robots_nofollow":false,"robots_noimageindex":false,"robots_noodp":false,"robots_notranslate":false,"robots_max_snippet":"-1","robots_max_videopreview":"-1","robots_max_imagepreview":"large","priority":null,"frequency":"default","local_seo":null,"breadcrumb_settings":null,"limit_modified_date":false,"ai":null,"created":"2023-01-03 22:38:00","updated":"2025-06-05 05:37:26","seo_analyzer_scan_date":null},"aioseo_breadcrumb":"<div class=\"aioseo-breadcrumbs\"><span class=\"aioseo-breadcrumb\">\n\t\t\t<a href=\"https:\/\/www.diariosantacruz.com.ar\" title=\"Inicio\">Inicio<\/a>\n\t\t<\/span><span class=\"aioseo-breadcrumb-separator\">&raquo;<\/span><span class=\"aioseo-breadcrumb\">\n\t\t\t<a href=\"https:\/\/www.diariosantacruz.com.ar\/?cat=27\" title=\"Sociedad\">Sociedad<\/a>\n\t\t<\/span><span class=\"aioseo-breadcrumb-separator\">&raquo;<\/span><span class=\"aioseo-breadcrumb\">\n\t\t\tAsumi\u00f3 nuevo jefe de la Prefectura de Zona Mar Argentino Sur\n\t\t<\/span><\/div>","aioseo_breadcrumb_json":[{"label":"Inicio","link":"https:\/\/www.diariosantacruz.com.ar"},{"label":"Sociedad","link":"https:\/\/www.diariosantacruz.com.ar\/?cat=27"},{"label":"Asumi\u00f3 nuevo jefe de la Prefectura de Zona Mar Argentino Sur","link":"https:\/\/www.diariosantacruz.com.ar\/?p=5023"}],"_links":{"self":[{"href":"https:\/\/www.diariosantacruz.com.ar\/index.php?rest_route=\/wp\/v2\/posts\/5023","targetHints":{"allow":["GET"]}}],"collection":[{"href":"https:\/\/www.diariosantacruz.com.ar\/index.php?rest_route=\/wp\/v2\/posts"}],"about":[{"href":"https:\/\/www.diariosantacruz.com.ar\/index.php?rest_route=\/wp\/v2\/types\/post"}],"author":[{"embeddable":true,"href":"https:\/\/www.diariosantacruz.com.ar\/index.php?rest_route=\/wp\/v2\/users\/2"}],"replies":[{"embeddable":true,"href":"https:\/\/www.diariosantacruz.com.ar\/index.php?rest_route=%2Fwp%2Fv2%2Fcomments&post=5023"}],"version-history":[{"count":2,"href":"https:\/\/www.diariosantacruz.com.ar\/index.php?rest_route=\/wp\/v2\/posts\/5023\/revisions"}],"predecessor-version":[{"id":5027,"href":"https:\/\/www.diariosantacruz.com.ar\/index.php?rest_route=\/wp\/v2\/posts\/5023\/revisions\/5027"}],"wp:featuredmedia":[{"embeddable":true,"href":"https:\/\/www.diariosantacruz.com.ar\/index.php?rest_route=\/wp\/v2\/media\/5024"}],"wp:attachment":[{"href":"https:\/\/www.diariosantacruz.com.ar\/index.php?rest_route=%2Fwp%2Fv2%2Fmedia&parent=5023"}],"wp:term":[{"taxonomy":"category","embeddable":true,"href":"https:\/\/www.diariosantacruz.com.ar\/index.php?rest_route=%2Fwp%2Fv2%2Fcategories&post=5023"},{"taxonomy":"post_tag","embeddable":true,"href":"https:\/\/www.diariosantacruz.com.ar\/index.php?rest_route=%2Fwp%2Fv2%2Ftags&post=5023"}],"curies":[{"name":"wp","href":"https:\/\/api.w.org\/{rel}","templated":true}]}}