{"id":5066,"date":"2023-01-06T19:12:00","date_gmt":"2023-01-06T22:12:00","guid":{"rendered":"https:\/\/www.diariosantacruz.com.ar\/?p=5066"},"modified":"2023-01-06T19:12:01","modified_gmt":"2023-01-06T22:12:01","slug":"puerto-deseado-acuchillados-en-ajuste-de-cuentas","status":"publish","type":"post","link":"https:\/\/www.diariosantacruz.com.ar\/?p=5066","title":{"rendered":"Puerto Deseado: Acuchillados en ajuste de cuentas"},"content":{"rendered":"\n<h2 class=\"wp-block-heading\">Tres personas fueron trasladas al Hospital al ser halladas en la calle, en un hecho que sucedi\u00f3 en horas del mediod\u00eda en la calle Ram\u00f3n Lista y Cerro Blanco.<\/h2>\n\n\n\n<p class=\"wp-block-paragraph\">A ese lugar arrib\u00f3 la polic\u00eda que fue alertada por testigos&nbsp; y se encontraron con una pareja, quienes presentaban heridas punzocortantes. Adem\u00e1s a varias cuadras encontraron a otro hombre con lesiones y los investigadores no descartan que el enfrentamiento se haya producido por un ajuste de cuentas.<\/p>\n\n\n\n<figure class=\"wp-block-image\"><a href=\"https:\/\/laprensadesantacruz.info\/wp-content\/uploads\/2023\/01\/deseado1-1.jpg\"><img decoding=\"async\" src=\"https:\/\/laprensadesantacruz.info\/wp-content\/uploads\/2023\/01\/deseado1-1-1024x461.jpg\" alt=\"\" class=\"wp-image-22714\"\/><\/a><\/figure>\n\n\n\n<p class=\"wp-block-paragraph\">Fuentes policiales informaron a La Prensa de Santa Cruz que al arribar la ambulancia, se decidi\u00f3 el traslado inmediato de los heridos: una de ellas una mujer quien revest\u00eda una lesi\u00f3n con arma blanca en su&nbsp; brazos y un corte a la altura del cuello.<\/p>\n\n\n\n<p class=\"wp-block-paragraph\">En tanto el hombre sufri\u00f3 lesiones de car\u00e1cter graves y otra persona, tuvo cortes en el pecho y brazo y se encuentra fuera de peligro informaron fuentes hospitalarias.<\/p>\n\n\n\n<p class=\"wp-block-paragraph\">Las fuentes consultadas revelaron que la tercera persona herida fue encontrada a unas tres cuadras aproximadamente de donde ocurri\u00f3 el hecho de sangre.<\/p>\n\n\n\n<figure class=\"wp-block-image\"><a href=\"https:\/\/laprensadesantacruz.info\/wp-content\/uploads\/2023\/01\/deseado2-1.jpg\"><img decoding=\"async\" src=\"https:\/\/laprensadesantacruz.info\/wp-content\/uploads\/2023\/01\/deseado2-1-1024x461.jpg\" alt=\"\" class=\"wp-image-22715\"\/><\/a><\/figure>\n\n\n\n<p class=\"wp-block-paragraph\">En virtud de ello, horas m\u00e1s tarde personal de la Divisi\u00f3n Gabinete Criminal\u00edstico se abocaron a realizar trabajos espec\u00edficos en las calles donde se hallaron varias manchas de sangre, de las cuales se tomaron diversas muestras, para luego continuar desarrollando su tarea del caso del hecho .<\/p>\n\n\n\n<p class=\"wp-block-paragraph\">Las actuaciones estuvieron a cargo del personal de la Divisi\u00f3n Comisar\u00eda y la DDI local. (Fuente: La Prensa de Santa Cruz)<\/p>\n\n\n\n<figure class=\"wp-block-image size-full\"><img loading=\"lazy\" decoding=\"async\" width=\"666\" height=\"393\" src=\"https:\/\/www.diariosantacruz.com.ar\/wp-content\/uploads\/2023\/01\/deseado-1.jpg\" alt=\"\" class=\"wp-image-5067\" srcset=\"https:\/\/www.diariosantacruz.com.ar\/wp-content\/uploads\/2023\/01\/deseado-1.jpg 666w, https:\/\/www.diariosantacruz.com.ar\/wp-content\/uploads\/2023\/01\/deseado-1-300x177.jpg 300w\" sizes=\"auto, (max-width: 666px) 100vw, 666px\" \/><\/figure>\n\n\n\n<p class=\"wp-block-paragraph\"><\/p>\n","protected":false},"excerpt":{"rendered":"<p>Tres personas fueron trasladas al Hospital al ser halladas en la calle, en un hecho<\/p>\n","protected":false},"author":2,"featured_media":5067,"comment_status":"open","ping_status":"open","sticky":false,"template":"","format":"standard","meta":{"_monsterinsights_skip_tracking":false,"footnotes":""},"categories":[1],"tags":[671],"class_list":["post-5066","post","type-post","status-publish","format-standard","has-post-thumbnail","hentry","category-politica-3","tag-puerto-deseado"],"aioseo_notices":[],"aioseo_head":"\n\t\t<!-- All in One SEO 4.9.8 - aioseo.com -->\n\t<meta name=\"description\" content=\"Tres personas fueron trasladas al Hospital al ser halladas en la calle, en un hecho que sucedi\u00f3 en horas del mediod\u00eda en la calle Ram\u00f3n Lista y Cerro Blanco. A ese lugar arrib\u00f3 la polic\u00eda que fue alertada por testigos y se encontraron con una pareja, quienes presentaban heridas punzocortantes. Adem\u00e1s a varias cuadras encontraron\" \/>\n\t<meta name=\"robots\" content=\"max-image-preview:large\" \/>\n\t<meta name=\"author\" content=\"corresponsal\"\/>\n\t<link rel=\"canonical\" href=\"https:\/\/www.diariosantacruz.com.ar\/?p=5066\" \/>\n\t<meta name=\"generator\" content=\"All in One SEO (AIOSEO) 4.9.8\" \/>\n\t\t<meta property=\"og:locale\" content=\"es_ES\" \/>\n\t\t<meta property=\"og:site_name\" content=\"Diario Santa Cruz - Portal de Noticias de Santa Cruz\" \/>\n\t\t<meta property=\"og:type\" content=\"article\" \/>\n\t\t<meta property=\"og:title\" content=\"Puerto Deseado: Acuchillados en ajuste de cuentas - Diario Santa Cruz\" \/>\n\t\t<meta property=\"og:description\" content=\"Tres personas fueron trasladas al Hospital al ser halladas en la calle, en un hecho que sucedi\u00f3 en horas del mediod\u00eda en la calle Ram\u00f3n Lista y Cerro Blanco. A ese lugar arrib\u00f3 la polic\u00eda que fue alertada por testigos y se encontraron con una pareja, quienes presentaban heridas punzocortantes. Adem\u00e1s a varias cuadras encontraron\" \/>\n\t\t<meta property=\"og:url\" content=\"https:\/\/www.diariosantacruz.com.ar\/?p=5066\" \/>\n\t\t<meta property=\"article:published_time\" content=\"2023-01-06T22:12:00+00:00\" \/>\n\t\t<meta property=\"article:modified_time\" content=\"2023-01-06T22:12:01+00:00\" \/>\n\t\t<meta property=\"article:publisher\" content=\"https:\/\/www.facebook.com\/Diario-Santa-Cruz-144392651098710\" \/>\n\t\t<meta name=\"twitter:card\" content=\"summary\" \/>\n\t\t<meta name=\"twitter:site\" content=\"@mayorgaelio\" \/>\n\t\t<meta name=\"twitter:title\" content=\"Puerto Deseado: Acuchillados en ajuste de cuentas - Diario Santa Cruz\" \/>\n\t\t<meta name=\"twitter:description\" content=\"Tres personas fueron trasladas al Hospital al ser halladas en la calle, en un hecho que sucedi\u00f3 en horas del mediod\u00eda en la calle Ram\u00f3n Lista y Cerro Blanco. A ese lugar arrib\u00f3 la polic\u00eda que fue alertada por testigos y se encontraron con una pareja, quienes presentaban heridas punzocortantes. Adem\u00e1s a varias cuadras encontraron\" \/>\n\t\t<meta name=\"twitter:creator\" content=\"@mayorgaelio\" \/>\n\t\t<script type=\"application\/ld+json\" class=\"aioseo-schema\">\n\t\t\t{\"@context\":\"https:\\\/\\\/schema.org\",\"@graph\":[{\"@type\":\"BlogPosting\",\"@id\":\"https:\\\/\\\/www.diariosantacruz.com.ar\\\/?p=5066#blogposting\",\"name\":\"Puerto Deseado: Acuchillados en ajuste de cuentas - Diario Santa Cruz\",\"headline\":\"Puerto Deseado: Acuchillados en ajuste de cuentas\",\"author\":{\"@id\":\"https:\\\/\\\/www.diariosantacruz.com.ar\\\/?author=2#author\"},\"publisher\":{\"@id\":\"https:\\\/\\\/www.diariosantacruz.com.ar\\\/#organization\"},\"image\":{\"@type\":\"ImageObject\",\"url\":\"https:\\\/\\\/www.diariosantacruz.com.ar\\\/wp-content\\\/uploads\\\/2023\\\/01\\\/deseado-1.jpg\",\"width\":666,\"height\":393},\"datePublished\":\"2023-01-06T19:12:00-03:00\",\"dateModified\":\"2023-01-06T19:12:01-03:00\",\"inLanguage\":\"es-ES\",\"mainEntityOfPage\":{\"@id\":\"https:\\\/\\\/www.diariosantacruz.com.ar\\\/?p=5066#webpage\"},\"isPartOf\":{\"@id\":\"https:\\\/\\\/www.diariosantacruz.com.ar\\\/?p=5066#webpage\"},\"articleSection\":\"politica, puerto deseado\"},{\"@type\":\"BreadcrumbList\",\"@id\":\"https:\\\/\\\/www.diariosantacruz.com.ar\\\/?p=5066#breadcrumblist\",\"itemListElement\":[{\"@type\":\"ListItem\",\"@id\":\"https:\\\/\\\/www.diariosantacruz.com.ar#listItem\",\"position\":1,\"name\":\"Inicio\",\"item\":\"https:\\\/\\\/www.diariosantacruz.com.ar\",\"nextItem\":{\"@type\":\"ListItem\",\"@id\":\"https:\\\/\\\/www.diariosantacruz.com.ar\\\/?cat=1#listItem\",\"name\":\"politica\"}},{\"@type\":\"ListItem\",\"@id\":\"https:\\\/\\\/www.diariosantacruz.com.ar\\\/?cat=1#listItem\",\"position\":2,\"name\":\"politica\",\"item\":\"https:\\\/\\\/www.diariosantacruz.com.ar\\\/?cat=1\",\"nextItem\":{\"@type\":\"ListItem\",\"@id\":\"https:\\\/\\\/www.diariosantacruz.com.ar\\\/?p=5066#listItem\",\"name\":\"Puerto Deseado: Acuchillados en ajuste de cuentas\"},\"previousItem\":{\"@type\":\"ListItem\",\"@id\":\"https:\\\/\\\/www.diariosantacruz.com.ar#listItem\",\"name\":\"Inicio\"}},{\"@type\":\"ListItem\",\"@id\":\"https:\\\/\\\/www.diariosantacruz.com.ar\\\/?p=5066#listItem\",\"position\":3,\"name\":\"Puerto Deseado: Acuchillados en ajuste de cuentas\",\"previousItem\":{\"@type\":\"ListItem\",\"@id\":\"https:\\\/\\\/www.diariosantacruz.com.ar\\\/?cat=1#listItem\",\"name\":\"politica\"}}]},{\"@type\":\"Organization\",\"@id\":\"https:\\\/\\\/www.diariosantacruz.com.ar\\\/#organization\",\"name\":\"Diario Santa Cruz\",\"description\":\"Portal de Noticias de Santa Cruz\",\"url\":\"https:\\\/\\\/www.diariosantacruz.com.ar\\\/\",\"sameAs\":[\"https:\\\/\\\/www.facebook.com\\\/Diario-Santa-Cruz-144392651098710\",\"https:\\\/\\\/www.twitter.com\\\/@mayorgaelio\",\"https:\\\/\\\/www.instagram.com\\\/diariosantacruz\\\/\"]},{\"@type\":\"Person\",\"@id\":\"https:\\\/\\\/www.diariosantacruz.com.ar\\\/?author=2#author\",\"url\":\"https:\\\/\\\/www.diariosantacruz.com.ar\\\/?author=2\",\"name\":\"corresponsal\",\"image\":{\"@type\":\"ImageObject\",\"@id\":\"https:\\\/\\\/www.diariosantacruz.com.ar\\\/?p=5066#authorImage\",\"url\":\"https:\\\/\\\/secure.gravatar.com\\\/avatar\\\/1a09ae462a829db06a34bd6218429bede00a69f031224cb1dd695e7e1effd620?s=96&d=mm&r=g\",\"width\":96,\"height\":96,\"caption\":\"corresponsal\"}},{\"@type\":\"WebPage\",\"@id\":\"https:\\\/\\\/www.diariosantacruz.com.ar\\\/?p=5066#webpage\",\"url\":\"https:\\\/\\\/www.diariosantacruz.com.ar\\\/?p=5066\",\"name\":\"Puerto Deseado: Acuchillados en ajuste de cuentas - Diario Santa Cruz\",\"description\":\"Tres personas fueron trasladas al Hospital al ser halladas en la calle, en un hecho que sucedi\\u00f3 en horas del mediod\\u00eda en la calle Ram\\u00f3n Lista y Cerro Blanco. A ese lugar arrib\\u00f3 la polic\\u00eda que fue alertada por testigos y se encontraron con una pareja, quienes presentaban heridas punzocortantes. Adem\\u00e1s a varias cuadras encontraron\",\"inLanguage\":\"es-ES\",\"isPartOf\":{\"@id\":\"https:\\\/\\\/www.diariosantacruz.com.ar\\\/#website\"},\"breadcrumb\":{\"@id\":\"https:\\\/\\\/www.diariosantacruz.com.ar\\\/?p=5066#breadcrumblist\"},\"author\":{\"@id\":\"https:\\\/\\\/www.diariosantacruz.com.ar\\\/?author=2#author\"},\"creator\":{\"@id\":\"https:\\\/\\\/www.diariosantacruz.com.ar\\\/?author=2#author\"},\"image\":{\"@type\":\"ImageObject\",\"url\":\"https:\\\/\\\/www.diariosantacruz.com.ar\\\/wp-content\\\/uploads\\\/2023\\\/01\\\/deseado-1.jpg\",\"@id\":\"https:\\\/\\\/www.diariosantacruz.com.ar\\\/?p=5066\\\/#mainImage\",\"width\":666,\"height\":393},\"primaryImageOfPage\":{\"@id\":\"https:\\\/\\\/www.diariosantacruz.com.ar\\\/?p=5066#mainImage\"},\"datePublished\":\"2023-01-06T19:12:00-03:00\",\"dateModified\":\"2023-01-06T19:12:01-03:00\"},{\"@type\":\"WebSite\",\"@id\":\"https:\\\/\\\/www.diariosantacruz.com.ar\\\/#website\",\"url\":\"https:\\\/\\\/www.diariosantacruz.com.ar\\\/\",\"name\":\"Diario Santa Cruz\",\"description\":\"Portal de Noticias de Santa Cruz\",\"inLanguage\":\"es-ES\",\"publisher\":{\"@id\":\"https:\\\/\\\/www.diariosantacruz.com.ar\\\/#organization\"}}]}\n\t\t<\/script>\n\t\t<!-- All in One SEO -->\n\n","aioseo_head_json":{"title":"Puerto Deseado: Acuchillados en ajuste de cuentas - Diario Santa Cruz","description":"Tres personas fueron trasladas al Hospital al ser halladas en la calle, en un hecho que sucedi\u00f3 en horas del mediod\u00eda en la calle Ram\u00f3n Lista y Cerro Blanco. A ese lugar arrib\u00f3 la polic\u00eda que fue alertada por testigos y se encontraron con una pareja, quienes presentaban heridas punzocortantes. Adem\u00e1s a varias cuadras encontraron","canonical_url":"https:\/\/www.diariosantacruz.com.ar\/?p=5066","robots":"max-image-preview:large","keywords":"","webmasterTools":{"miscellaneous":""},"schema":{"@context":"https:\/\/schema.org","@graph":[{"@type":"BlogPosting","@id":"https:\/\/www.diariosantacruz.com.ar\/?p=5066#blogposting","name":"Puerto Deseado: Acuchillados en ajuste de cuentas - Diario Santa Cruz","headline":"Puerto Deseado: Acuchillados en ajuste de cuentas","author":{"@id":"https:\/\/www.diariosantacruz.com.ar\/?author=2#author"},"publisher":{"@id":"https:\/\/www.diariosantacruz.com.ar\/#organization"},"image":{"@type":"ImageObject","url":"https:\/\/www.diariosantacruz.com.ar\/wp-content\/uploads\/2023\/01\/deseado-1.jpg","width":666,"height":393},"datePublished":"2023-01-06T19:12:00-03:00","dateModified":"2023-01-06T19:12:01-03:00","inLanguage":"es-ES","mainEntityOfPage":{"@id":"https:\/\/www.diariosantacruz.com.ar\/?p=5066#webpage"},"isPartOf":{"@id":"https:\/\/www.diariosantacruz.com.ar\/?p=5066#webpage"},"articleSection":"politica, puerto deseado"},{"@type":"BreadcrumbList","@id":"https:\/\/www.diariosantacruz.com.ar\/?p=5066#breadcrumblist","itemListElement":[{"@type":"ListItem","@id":"https:\/\/www.diariosantacruz.com.ar#listItem","position":1,"name":"Inicio","item":"https:\/\/www.diariosantacruz.com.ar","nextItem":{"@type":"ListItem","@id":"https:\/\/www.diariosantacruz.com.ar\/?cat=1#listItem","name":"politica"}},{"@type":"ListItem","@id":"https:\/\/www.diariosantacruz.com.ar\/?cat=1#listItem","position":2,"name":"politica","item":"https:\/\/www.diariosantacruz.com.ar\/?cat=1","nextItem":{"@type":"ListItem","@id":"https:\/\/www.diariosantacruz.com.ar\/?p=5066#listItem","name":"Puerto Deseado: Acuchillados en ajuste de cuentas"},"previousItem":{"@type":"ListItem","@id":"https:\/\/www.diariosantacruz.com.ar#listItem","name":"Inicio"}},{"@type":"ListItem","@id":"https:\/\/www.diariosantacruz.com.ar\/?p=5066#listItem","position":3,"name":"Puerto Deseado: Acuchillados en ajuste de cuentas","previousItem":{"@type":"ListItem","@id":"https:\/\/www.diariosantacruz.com.ar\/?cat=1#listItem","name":"politica"}}]},{"@type":"Organization","@id":"https:\/\/www.diariosantacruz.com.ar\/#organization","name":"Diario Santa Cruz","description":"Portal de Noticias de Santa Cruz","url":"https:\/\/www.diariosantacruz.com.ar\/","sameAs":["https:\/\/www.facebook.com\/Diario-Santa-Cruz-144392651098710","https:\/\/www.twitter.com\/@mayorgaelio","https:\/\/www.instagram.com\/diariosantacruz\/"]},{"@type":"Person","@id":"https:\/\/www.diariosantacruz.com.ar\/?author=2#author","url":"https:\/\/www.diariosantacruz.com.ar\/?author=2","name":"corresponsal","image":{"@type":"ImageObject","@id":"https:\/\/www.diariosantacruz.com.ar\/?p=5066#authorImage","url":"https:\/\/secure.gravatar.com\/avatar\/1a09ae462a829db06a34bd6218429bede00a69f031224cb1dd695e7e1effd620?s=96&d=mm&r=g","width":96,"height":96,"caption":"corresponsal"}},{"@type":"WebPage","@id":"https:\/\/www.diariosantacruz.com.ar\/?p=5066#webpage","url":"https:\/\/www.diariosantacruz.com.ar\/?p=5066","name":"Puerto Deseado: Acuchillados en ajuste de cuentas - Diario Santa Cruz","description":"Tres personas fueron trasladas al Hospital al ser halladas en la calle, en un hecho que sucedi\u00f3 en horas del mediod\u00eda en la calle Ram\u00f3n Lista y Cerro Blanco. A ese lugar arrib\u00f3 la polic\u00eda que fue alertada por testigos y se encontraron con una pareja, quienes presentaban heridas punzocortantes. Adem\u00e1s a varias cuadras encontraron","inLanguage":"es-ES","isPartOf":{"@id":"https:\/\/www.diariosantacruz.com.ar\/#website"},"breadcrumb":{"@id":"https:\/\/www.diariosantacruz.com.ar\/?p=5066#breadcrumblist"},"author":{"@id":"https:\/\/www.diariosantacruz.com.ar\/?author=2#author"},"creator":{"@id":"https:\/\/www.diariosantacruz.com.ar\/?author=2#author"},"image":{"@type":"ImageObject","url":"https:\/\/www.diariosantacruz.com.ar\/wp-content\/uploads\/2023\/01\/deseado-1.jpg","@id":"https:\/\/www.diariosantacruz.com.ar\/?p=5066\/#mainImage","width":666,"height":393},"primaryImageOfPage":{"@id":"https:\/\/www.diariosantacruz.com.ar\/?p=5066#mainImage"},"datePublished":"2023-01-06T19:12:00-03:00","dateModified":"2023-01-06T19:12:01-03:00"},{"@type":"WebSite","@id":"https:\/\/www.diariosantacruz.com.ar\/#website","url":"https:\/\/www.diariosantacruz.com.ar\/","name":"Diario Santa Cruz","description":"Portal de Noticias de Santa Cruz","inLanguage":"es-ES","publisher":{"@id":"https:\/\/www.diariosantacruz.com.ar\/#organization"}}]},"og:locale":"es_ES","og:site_name":"Diario Santa Cruz - Portal de Noticias de Santa Cruz","og:type":"article","og:title":"Puerto Deseado: Acuchillados en ajuste de cuentas - Diario Santa Cruz","og:description":"Tres personas fueron trasladas al Hospital al ser halladas en la calle, en un hecho que sucedi\u00f3 en horas del mediod\u00eda en la calle Ram\u00f3n Lista y Cerro Blanco. A ese lugar arrib\u00f3 la polic\u00eda que fue alertada por testigos y se encontraron con una pareja, quienes presentaban heridas punzocortantes. Adem\u00e1s a varias cuadras encontraron","og:url":"https:\/\/www.diariosantacruz.com.ar\/?p=5066","article:published_time":"2023-01-06T22:12:00+00:00","article:modified_time":"2023-01-06T22:12:01+00:00","article:publisher":"https:\/\/www.facebook.com\/Diario-Santa-Cruz-144392651098710","twitter:card":"summary","twitter:site":"@mayorgaelio","twitter:title":"Puerto Deseado: Acuchillados en ajuste de cuentas - Diario Santa Cruz","twitter:description":"Tres personas fueron trasladas al Hospital al ser halladas en la calle, en un hecho que sucedi\u00f3 en horas del mediod\u00eda en la calle Ram\u00f3n Lista y Cerro Blanco. A ese lugar arrib\u00f3 la polic\u00eda que fue alertada por testigos y se encontraron con una pareja, quienes presentaban heridas punzocortantes. Adem\u00e1s a varias cuadras encontraron","twitter:creator":"@mayorgaelio"},"aioseo_meta_data":{"post_id":"5066","title":null,"description":null,"keywords":[],"keyphrases":{"focus":{"keyphrase":"","score":0,"analysis":{"keyphraseInTitle":{"score":0,"maxScore":9,"error":1}}},"additional":[]},"primary_term":null,"canonical_url":null,"og_title":null,"og_description":null,"og_object_type":"default","og_image_type":"default","og_image_url":null,"og_image_width":null,"og_image_height":null,"og_image_custom_url":null,"og_image_custom_fields":null,"og_video":"","og_custom_url":null,"og_article_section":null,"og_article_tags":[],"twitter_use_og":false,"twitter_card":"default","twitter_image_type":"default","twitter_image_url":null,"twitter_image_custom_url":null,"twitter_image_custom_fields":null,"twitter_title":null,"twitter_description":null,"schema":{"blockGraphs":[],"customGraphs":[],"default":{"data":{"Article":[],"Course":[],"Dataset":[],"FAQPage":[],"Movie":[],"Person":[],"Product":[],"ProductReview":[],"Car":[],"Recipe":[],"Service":[],"SoftwareApplication":[],"WebPage":[]},"graphName":"BlogPosting","isEnabled":true},"graphs":[]},"schema_type":"default","schema_type_options":null,"pillar_content":false,"robots_default":true,"robots_noindex":false,"robots_noarchive":false,"robots_nosnippet":false,"robots_nofollow":false,"robots_noimageindex":false,"robots_noodp":false,"robots_notranslate":false,"robots_max_snippet":"-1","robots_max_videopreview":"-1","robots_max_imagepreview":"large","priority":null,"frequency":"default","local_seo":null,"breadcrumb_settings":null,"limit_modified_date":false,"ai":null,"created":"2023-01-06 22:12:01","updated":"2025-06-05 05:38:48","seo_analyzer_scan_date":null},"aioseo_breadcrumb":"<div class=\"aioseo-breadcrumbs\"><span class=\"aioseo-breadcrumb\">\n\t\t\t<a href=\"https:\/\/www.diariosantacruz.com.ar\" title=\"Inicio\">Inicio<\/a>\n\t\t<\/span><span class=\"aioseo-breadcrumb-separator\">&raquo;<\/span><span class=\"aioseo-breadcrumb\">\n\t\t\t<a href=\"https:\/\/www.diariosantacruz.com.ar\/?cat=1\" title=\"politica\">politica<\/a>\n\t\t<\/span><span class=\"aioseo-breadcrumb-separator\">&raquo;<\/span><span class=\"aioseo-breadcrumb\">\n\t\t\tPuerto Deseado: Acuchillados en ajuste de cuentas\n\t\t<\/span><\/div>","aioseo_breadcrumb_json":[{"label":"Inicio","link":"https:\/\/www.diariosantacruz.com.ar"},{"label":"politica","link":"https:\/\/www.diariosantacruz.com.ar\/?cat=1"},{"label":"Puerto Deseado: Acuchillados en ajuste de cuentas","link":"https:\/\/www.diariosantacruz.com.ar\/?p=5066"}],"_links":{"self":[{"href":"https:\/\/www.diariosantacruz.com.ar\/index.php?rest_route=\/wp\/v2\/posts\/5066","targetHints":{"allow":["GET"]}}],"collection":[{"href":"https:\/\/www.diariosantacruz.com.ar\/index.php?rest_route=\/wp\/v2\/posts"}],"about":[{"href":"https:\/\/www.diariosantacruz.com.ar\/index.php?rest_route=\/wp\/v2\/types\/post"}],"author":[{"embeddable":true,"href":"https:\/\/www.diariosantacruz.com.ar\/index.php?rest_route=\/wp\/v2\/users\/2"}],"replies":[{"embeddable":true,"href":"https:\/\/www.diariosantacruz.com.ar\/index.php?rest_route=%2Fwp%2Fv2%2Fcomments&post=5066"}],"version-history":[{"count":1,"href":"https:\/\/www.diariosantacruz.com.ar\/index.php?rest_route=\/wp\/v2\/posts\/5066\/revisions"}],"predecessor-version":[{"id":5068,"href":"https:\/\/www.diariosantacruz.com.ar\/index.php?rest_route=\/wp\/v2\/posts\/5066\/revisions\/5068"}],"wp:featuredmedia":[{"embeddable":true,"href":"https:\/\/www.diariosantacruz.com.ar\/index.php?rest_route=\/wp\/v2\/media\/5067"}],"wp:attachment":[{"href":"https:\/\/www.diariosantacruz.com.ar\/index.php?rest_route=%2Fwp%2Fv2%2Fmedia&parent=5066"}],"wp:term":[{"taxonomy":"category","embeddable":true,"href":"https:\/\/www.diariosantacruz.com.ar\/index.php?rest_route=%2Fwp%2Fv2%2Fcategories&post=5066"},{"taxonomy":"post_tag","embeddable":true,"href":"https:\/\/www.diariosantacruz.com.ar\/index.php?rest_route=%2Fwp%2Fv2%2Ftags&post=5066"}],"curies":[{"name":"wp","href":"https:\/\/api.w.org\/{rel}","templated":true}]}}