{"id":5523,"date":"2023-03-05T21:38:00","date_gmt":"2023-03-06T00:38:00","guid":{"rendered":"https:\/\/www.diariosantacruz.com.ar\/?p=5523"},"modified":"2023-03-05T21:38:03","modified_gmt":"2023-03-06T00:38:03","slug":"cinco-patinadoras-de-el-calafate-participan-de-la-revision-para-el-seleccionado-provincial","status":"publish","type":"post","link":"https:\/\/www.diariosantacruz.com.ar\/?p=5523","title":{"rendered":"Cinco patinadoras de El Calafate participan de la revisi\u00f3n para el Seleccionado Provincial"},"content":{"rendered":"\n<h2 class=\"wp-block-heading\">Cinco patinadoras de Pat\u00edn Art\u00edstico \u201cLos Glaciares\u201d, participaron este fin de semana de la primera revisi\u00f3n anual para la Selecci\u00f3n Provincial. El mismo se concreto en el Gimnasio Lucho Fernandez de R\u00edo Gallegos.<\/h2>\n\n\n\n<p class=\"wp-block-paragraph\">Este fin semana se realizar\u00e1 la primera revisi\u00f3n anual a patinadores de Santa Cruz, para ser parte del Seleccionado Nacional. El Calafate estar\u00e1 representada por cinco patinadoras de la Escuela de Pat\u00edn Art\u00edstico \u201cLos Glaciares\u201d a cargo de la Prof. Mariela Carceller. Las patinadoras son: Alexandra Montes, Tiana Biondi, Catalina Valdebenito, Salome Zogbi y Eluney Muga.<\/p>\n\n\n\n<p class=\"wp-block-paragraph\">Este evento se trata de una convocatoria a los patinadores de toda la provincia y que van a formar parte del seleccionador provincial de patinaje art\u00edstico en las distintas divisiones. \u201cExisten tres divisiones A B y C y la idea es trabajar en cada una de esas divisiones para que los patinadores lleguen en las mejores condiciones para los torneos nacionales\u201d, sostuvo la Prof. Mariela Carceller.<\/p>\n\n\n\n<p class=\"wp-block-paragraph\">De esta primera revisi\u00f3n anual, van a participar deportistas de las localidades de R\u00edo Gallegos, Pico Truncado, Puerto San Juli\u00e1n, Cmte. Luis Piedra Buena y El Calafate y que ser\u00e1n observadas por el comit\u00e9 de t\u00e9cnicos de la Asociaci\u00f3n de Pat\u00edn Art\u00edstico de Santa Cruz (ADEPAS).<\/p>\n\n\n\n<p class=\"wp-block-paragraph\">Fuente: Prensa Escuela de Patin Art\u00edstico Los Glaciares<\/p>\n\n\n\n<figure class=\"wp-block-image size-full\"><img loading=\"lazy\" decoding=\"async\" width=\"625\" height=\"418\" src=\"https:\/\/www.diariosantacruz.com.ar\/wp-content\/uploads\/2023\/03\/multimedia.grande.8d56e0b66a60e291.506174696e20417274c3ad737469636f204c6f7320476c616369617265735f6772616e64652e6a7067.jpg\" alt=\"\" class=\"wp-image-5524\" srcset=\"https:\/\/www.diariosantacruz.com.ar\/wp-content\/uploads\/2023\/03\/multimedia.grande.8d56e0b66a60e291.506174696e20417274c3ad737469636f204c6f7320476c616369617265735f6772616e64652e6a7067.jpg 625w, https:\/\/www.diariosantacruz.com.ar\/wp-content\/uploads\/2023\/03\/multimedia.grande.8d56e0b66a60e291.506174696e20417274c3ad737469636f204c6f7320476c616369617265735f6772616e64652e6a7067-300x201.jpg 300w\" sizes=\"auto, (max-width: 625px) 100vw, 625px\" \/><\/figure>\n","protected":false},"excerpt":{"rendered":"<p>Cinco patinadoras de Pat\u00edn Art\u00edstico \u201cLos Glaciares\u201d, participaron este fin de semana de la primera<\/p>\n","protected":false},"author":2,"featured_media":5524,"comment_status":"open","ping_status":"open","sticky":false,"template":"","format":"standard","meta":{"_monsterinsights_skip_tracking":false,"footnotes":""},"categories":[1],"tags":[786],"class_list":["post-5523","post","type-post","status-publish","format-standard","has-post-thumbnail","hentry","category-politica-3","tag-patin"],"aioseo_notices":[],"aioseo_head":"\n\t\t<!-- All in One SEO 4.9.8 - aioseo.com -->\n\t<meta name=\"description\" content=\"Cinco patinadoras de Pat\u00edn Art\u00edstico \u201cLos Glaciares\u201d, participaron este fin de semana de la primera revisi\u00f3n anual para la Selecci\u00f3n Provincial. El mismo se concreto en el Gimnasio Lucho Fernandez de R\u00edo Gallegos. Este fin semana se realizar\u00e1 la primera revisi\u00f3n anual a patinadores de Santa Cruz, para ser parte del Seleccionado Nacional. El Calafate\" \/>\n\t<meta name=\"robots\" content=\"max-image-preview:large\" \/>\n\t<meta name=\"author\" content=\"corresponsal\"\/>\n\t<link rel=\"canonical\" href=\"https:\/\/www.diariosantacruz.com.ar\/?p=5523\" \/>\n\t<meta name=\"generator\" content=\"All in One SEO (AIOSEO) 4.9.8\" \/>\n\t\t<meta property=\"og:locale\" content=\"es_ES\" \/>\n\t\t<meta property=\"og:site_name\" content=\"Diario Santa Cruz - Portal de Noticias de Santa Cruz\" \/>\n\t\t<meta property=\"og:type\" content=\"article\" \/>\n\t\t<meta property=\"og:title\" content=\"Cinco patinadoras de El Calafate participan de la revisi\u00f3n para el Seleccionado Provincial - Diario Santa Cruz\" \/>\n\t\t<meta property=\"og:description\" content=\"Cinco patinadoras de Pat\u00edn Art\u00edstico \u201cLos Glaciares\u201d, participaron este fin de semana de la primera revisi\u00f3n anual para la Selecci\u00f3n Provincial. El mismo se concreto en el Gimnasio Lucho Fernandez de R\u00edo Gallegos. Este fin semana se realizar\u00e1 la primera revisi\u00f3n anual a patinadores de Santa Cruz, para ser parte del Seleccionado Nacional. El Calafate\" \/>\n\t\t<meta property=\"og:url\" content=\"https:\/\/www.diariosantacruz.com.ar\/?p=5523\" \/>\n\t\t<meta property=\"article:published_time\" content=\"2023-03-06T00:38:00+00:00\" \/>\n\t\t<meta property=\"article:modified_time\" content=\"2023-03-06T00:38:03+00:00\" \/>\n\t\t<meta property=\"article:publisher\" content=\"https:\/\/www.facebook.com\/Diario-Santa-Cruz-144392651098710\" \/>\n\t\t<meta name=\"twitter:card\" content=\"summary\" \/>\n\t\t<meta name=\"twitter:site\" content=\"@mayorgaelio\" \/>\n\t\t<meta name=\"twitter:title\" content=\"Cinco patinadoras de El Calafate participan de la revisi\u00f3n para el Seleccionado Provincial - Diario Santa Cruz\" \/>\n\t\t<meta name=\"twitter:description\" content=\"Cinco patinadoras de Pat\u00edn Art\u00edstico \u201cLos Glaciares\u201d, participaron este fin de semana de la primera revisi\u00f3n anual para la Selecci\u00f3n Provincial. El mismo se concreto en el Gimnasio Lucho Fernandez de R\u00edo Gallegos. Este fin semana se realizar\u00e1 la primera revisi\u00f3n anual a patinadores de Santa Cruz, para ser parte del Seleccionado Nacional. El Calafate\" \/>\n\t\t<meta name=\"twitter:creator\" content=\"@mayorgaelio\" \/>\n\t\t<script type=\"application\/ld+json\" class=\"aioseo-schema\">\n\t\t\t{\"@context\":\"https:\\\/\\\/schema.org\",\"@graph\":[{\"@type\":\"BlogPosting\",\"@id\":\"https:\\\/\\\/www.diariosantacruz.com.ar\\\/?p=5523#blogposting\",\"name\":\"Cinco patinadoras de El Calafate participan de la revisi\\u00f3n para el Seleccionado Provincial - Diario Santa Cruz\",\"headline\":\"Cinco patinadoras de El Calafate participan de la revisi\\u00f3n para el Seleccionado Provincial\",\"author\":{\"@id\":\"https:\\\/\\\/www.diariosantacruz.com.ar\\\/?author=2#author\"},\"publisher\":{\"@id\":\"https:\\\/\\\/www.diariosantacruz.com.ar\\\/#organization\"},\"image\":{\"@type\":\"ImageObject\",\"url\":\"https:\\\/\\\/www.diariosantacruz.com.ar\\\/wp-content\\\/uploads\\\/2023\\\/03\\\/multimedia.grande.8d56e0b66a60e291.506174696e20417274c3ad737469636f204c6f7320476c616369617265735f6772616e64652e6a7067.jpg\",\"width\":625,\"height\":418},\"datePublished\":\"2023-03-05T21:38:00-03:00\",\"dateModified\":\"2023-03-05T21:38:03-03:00\",\"inLanguage\":\"es-ES\",\"mainEntityOfPage\":{\"@id\":\"https:\\\/\\\/www.diariosantacruz.com.ar\\\/?p=5523#webpage\"},\"isPartOf\":{\"@id\":\"https:\\\/\\\/www.diariosantacruz.com.ar\\\/?p=5523#webpage\"},\"articleSection\":\"politica, patin\"},{\"@type\":\"BreadcrumbList\",\"@id\":\"https:\\\/\\\/www.diariosantacruz.com.ar\\\/?p=5523#breadcrumblist\",\"itemListElement\":[{\"@type\":\"ListItem\",\"@id\":\"https:\\\/\\\/www.diariosantacruz.com.ar#listItem\",\"position\":1,\"name\":\"Inicio\",\"item\":\"https:\\\/\\\/www.diariosantacruz.com.ar\",\"nextItem\":{\"@type\":\"ListItem\",\"@id\":\"https:\\\/\\\/www.diariosantacruz.com.ar\\\/?cat=1#listItem\",\"name\":\"politica\"}},{\"@type\":\"ListItem\",\"@id\":\"https:\\\/\\\/www.diariosantacruz.com.ar\\\/?cat=1#listItem\",\"position\":2,\"name\":\"politica\",\"item\":\"https:\\\/\\\/www.diariosantacruz.com.ar\\\/?cat=1\",\"nextItem\":{\"@type\":\"ListItem\",\"@id\":\"https:\\\/\\\/www.diariosantacruz.com.ar\\\/?p=5523#listItem\",\"name\":\"Cinco patinadoras de El Calafate participan de la revisi\\u00f3n para el Seleccionado Provincial\"},\"previousItem\":{\"@type\":\"ListItem\",\"@id\":\"https:\\\/\\\/www.diariosantacruz.com.ar#listItem\",\"name\":\"Inicio\"}},{\"@type\":\"ListItem\",\"@id\":\"https:\\\/\\\/www.diariosantacruz.com.ar\\\/?p=5523#listItem\",\"position\":3,\"name\":\"Cinco patinadoras de El Calafate participan de la revisi\\u00f3n para el Seleccionado Provincial\",\"previousItem\":{\"@type\":\"ListItem\",\"@id\":\"https:\\\/\\\/www.diariosantacruz.com.ar\\\/?cat=1#listItem\",\"name\":\"politica\"}}]},{\"@type\":\"Organization\",\"@id\":\"https:\\\/\\\/www.diariosantacruz.com.ar\\\/#organization\",\"name\":\"Diario Santa Cruz\",\"description\":\"Portal de Noticias de Santa Cruz\",\"url\":\"https:\\\/\\\/www.diariosantacruz.com.ar\\\/\",\"sameAs\":[\"https:\\\/\\\/www.facebook.com\\\/Diario-Santa-Cruz-144392651098710\",\"https:\\\/\\\/www.twitter.com\\\/@mayorgaelio\",\"https:\\\/\\\/www.instagram.com\\\/diariosantacruz\\\/\"]},{\"@type\":\"Person\",\"@id\":\"https:\\\/\\\/www.diariosantacruz.com.ar\\\/?author=2#author\",\"url\":\"https:\\\/\\\/www.diariosantacruz.com.ar\\\/?author=2\",\"name\":\"corresponsal\",\"image\":{\"@type\":\"ImageObject\",\"@id\":\"https:\\\/\\\/www.diariosantacruz.com.ar\\\/?p=5523#authorImage\",\"url\":\"https:\\\/\\\/secure.gravatar.com\\\/avatar\\\/1a09ae462a829db06a34bd6218429bede00a69f031224cb1dd695e7e1effd620?s=96&d=mm&r=g\",\"width\":96,\"height\":96,\"caption\":\"corresponsal\"}},{\"@type\":\"WebPage\",\"@id\":\"https:\\\/\\\/www.diariosantacruz.com.ar\\\/?p=5523#webpage\",\"url\":\"https:\\\/\\\/www.diariosantacruz.com.ar\\\/?p=5523\",\"name\":\"Cinco patinadoras de El Calafate participan de la revisi\\u00f3n para el Seleccionado Provincial - Diario Santa Cruz\",\"description\":\"Cinco patinadoras de Pat\\u00edn Art\\u00edstico \\u201cLos Glaciares\\u201d, participaron este fin de semana de la primera revisi\\u00f3n anual para la Selecci\\u00f3n Provincial. El mismo se concreto en el Gimnasio Lucho Fernandez de R\\u00edo Gallegos. Este fin semana se realizar\\u00e1 la primera revisi\\u00f3n anual a patinadores de Santa Cruz, para ser parte del Seleccionado Nacional. El Calafate\",\"inLanguage\":\"es-ES\",\"isPartOf\":{\"@id\":\"https:\\\/\\\/www.diariosantacruz.com.ar\\\/#website\"},\"breadcrumb\":{\"@id\":\"https:\\\/\\\/www.diariosantacruz.com.ar\\\/?p=5523#breadcrumblist\"},\"author\":{\"@id\":\"https:\\\/\\\/www.diariosantacruz.com.ar\\\/?author=2#author\"},\"creator\":{\"@id\":\"https:\\\/\\\/www.diariosantacruz.com.ar\\\/?author=2#author\"},\"image\":{\"@type\":\"ImageObject\",\"url\":\"https:\\\/\\\/www.diariosantacruz.com.ar\\\/wp-content\\\/uploads\\\/2023\\\/03\\\/multimedia.grande.8d56e0b66a60e291.506174696e20417274c3ad737469636f204c6f7320476c616369617265735f6772616e64652e6a7067.jpg\",\"@id\":\"https:\\\/\\\/www.diariosantacruz.com.ar\\\/?p=5523\\\/#mainImage\",\"width\":625,\"height\":418},\"primaryImageOfPage\":{\"@id\":\"https:\\\/\\\/www.diariosantacruz.com.ar\\\/?p=5523#mainImage\"},\"datePublished\":\"2023-03-05T21:38:00-03:00\",\"dateModified\":\"2023-03-05T21:38:03-03:00\"},{\"@type\":\"WebSite\",\"@id\":\"https:\\\/\\\/www.diariosantacruz.com.ar\\\/#website\",\"url\":\"https:\\\/\\\/www.diariosantacruz.com.ar\\\/\",\"name\":\"Diario Santa Cruz\",\"description\":\"Portal de Noticias de Santa Cruz\",\"inLanguage\":\"es-ES\",\"publisher\":{\"@id\":\"https:\\\/\\\/www.diariosantacruz.com.ar\\\/#organization\"}}]}\n\t\t<\/script>\n\t\t<!-- All in One SEO -->\n\n","aioseo_head_json":{"title":"Cinco patinadoras de El Calafate participan de la revisi\u00f3n para el Seleccionado Provincial - Diario Santa Cruz","description":"Cinco patinadoras de Pat\u00edn Art\u00edstico \u201cLos Glaciares\u201d, participaron este fin de semana de la primera revisi\u00f3n anual para la Selecci\u00f3n Provincial. El mismo se concreto en el Gimnasio Lucho Fernandez de R\u00edo Gallegos. Este fin semana se realizar\u00e1 la primera revisi\u00f3n anual a patinadores de Santa Cruz, para ser parte del Seleccionado Nacional. El Calafate","canonical_url":"https:\/\/www.diariosantacruz.com.ar\/?p=5523","robots":"max-image-preview:large","keywords":"","webmasterTools":{"miscellaneous":""},"schema":{"@context":"https:\/\/schema.org","@graph":[{"@type":"BlogPosting","@id":"https:\/\/www.diariosantacruz.com.ar\/?p=5523#blogposting","name":"Cinco patinadoras de El Calafate participan de la revisi\u00f3n para el Seleccionado Provincial - Diario Santa Cruz","headline":"Cinco patinadoras de El Calafate participan de la revisi\u00f3n para el Seleccionado Provincial","author":{"@id":"https:\/\/www.diariosantacruz.com.ar\/?author=2#author"},"publisher":{"@id":"https:\/\/www.diariosantacruz.com.ar\/#organization"},"image":{"@type":"ImageObject","url":"https:\/\/www.diariosantacruz.com.ar\/wp-content\/uploads\/2023\/03\/multimedia.grande.8d56e0b66a60e291.506174696e20417274c3ad737469636f204c6f7320476c616369617265735f6772616e64652e6a7067.jpg","width":625,"height":418},"datePublished":"2023-03-05T21:38:00-03:00","dateModified":"2023-03-05T21:38:03-03:00","inLanguage":"es-ES","mainEntityOfPage":{"@id":"https:\/\/www.diariosantacruz.com.ar\/?p=5523#webpage"},"isPartOf":{"@id":"https:\/\/www.diariosantacruz.com.ar\/?p=5523#webpage"},"articleSection":"politica, patin"},{"@type":"BreadcrumbList","@id":"https:\/\/www.diariosantacruz.com.ar\/?p=5523#breadcrumblist","itemListElement":[{"@type":"ListItem","@id":"https:\/\/www.diariosantacruz.com.ar#listItem","position":1,"name":"Inicio","item":"https:\/\/www.diariosantacruz.com.ar","nextItem":{"@type":"ListItem","@id":"https:\/\/www.diariosantacruz.com.ar\/?cat=1#listItem","name":"politica"}},{"@type":"ListItem","@id":"https:\/\/www.diariosantacruz.com.ar\/?cat=1#listItem","position":2,"name":"politica","item":"https:\/\/www.diariosantacruz.com.ar\/?cat=1","nextItem":{"@type":"ListItem","@id":"https:\/\/www.diariosantacruz.com.ar\/?p=5523#listItem","name":"Cinco patinadoras de El Calafate participan de la revisi\u00f3n para el Seleccionado Provincial"},"previousItem":{"@type":"ListItem","@id":"https:\/\/www.diariosantacruz.com.ar#listItem","name":"Inicio"}},{"@type":"ListItem","@id":"https:\/\/www.diariosantacruz.com.ar\/?p=5523#listItem","position":3,"name":"Cinco patinadoras de El Calafate participan de la revisi\u00f3n para el Seleccionado Provincial","previousItem":{"@type":"ListItem","@id":"https:\/\/www.diariosantacruz.com.ar\/?cat=1#listItem","name":"politica"}}]},{"@type":"Organization","@id":"https:\/\/www.diariosantacruz.com.ar\/#organization","name":"Diario Santa Cruz","description":"Portal de Noticias de Santa Cruz","url":"https:\/\/www.diariosantacruz.com.ar\/","sameAs":["https:\/\/www.facebook.com\/Diario-Santa-Cruz-144392651098710","https:\/\/www.twitter.com\/@mayorgaelio","https:\/\/www.instagram.com\/diariosantacruz\/"]},{"@type":"Person","@id":"https:\/\/www.diariosantacruz.com.ar\/?author=2#author","url":"https:\/\/www.diariosantacruz.com.ar\/?author=2","name":"corresponsal","image":{"@type":"ImageObject","@id":"https:\/\/www.diariosantacruz.com.ar\/?p=5523#authorImage","url":"https:\/\/secure.gravatar.com\/avatar\/1a09ae462a829db06a34bd6218429bede00a69f031224cb1dd695e7e1effd620?s=96&d=mm&r=g","width":96,"height":96,"caption":"corresponsal"}},{"@type":"WebPage","@id":"https:\/\/www.diariosantacruz.com.ar\/?p=5523#webpage","url":"https:\/\/www.diariosantacruz.com.ar\/?p=5523","name":"Cinco patinadoras de El Calafate participan de la revisi\u00f3n para el Seleccionado Provincial - Diario Santa Cruz","description":"Cinco patinadoras de Pat\u00edn Art\u00edstico \u201cLos Glaciares\u201d, participaron este fin de semana de la primera revisi\u00f3n anual para la Selecci\u00f3n Provincial. El mismo se concreto en el Gimnasio Lucho Fernandez de R\u00edo Gallegos. Este fin semana se realizar\u00e1 la primera revisi\u00f3n anual a patinadores de Santa Cruz, para ser parte del Seleccionado Nacional. El Calafate","inLanguage":"es-ES","isPartOf":{"@id":"https:\/\/www.diariosantacruz.com.ar\/#website"},"breadcrumb":{"@id":"https:\/\/www.diariosantacruz.com.ar\/?p=5523#breadcrumblist"},"author":{"@id":"https:\/\/www.diariosantacruz.com.ar\/?author=2#author"},"creator":{"@id":"https:\/\/www.diariosantacruz.com.ar\/?author=2#author"},"image":{"@type":"ImageObject","url":"https:\/\/www.diariosantacruz.com.ar\/wp-content\/uploads\/2023\/03\/multimedia.grande.8d56e0b66a60e291.506174696e20417274c3ad737469636f204c6f7320476c616369617265735f6772616e64652e6a7067.jpg","@id":"https:\/\/www.diariosantacruz.com.ar\/?p=5523\/#mainImage","width":625,"height":418},"primaryImageOfPage":{"@id":"https:\/\/www.diariosantacruz.com.ar\/?p=5523#mainImage"},"datePublished":"2023-03-05T21:38:00-03:00","dateModified":"2023-03-05T21:38:03-03:00"},{"@type":"WebSite","@id":"https:\/\/www.diariosantacruz.com.ar\/#website","url":"https:\/\/www.diariosantacruz.com.ar\/","name":"Diario Santa Cruz","description":"Portal de Noticias de Santa Cruz","inLanguage":"es-ES","publisher":{"@id":"https:\/\/www.diariosantacruz.com.ar\/#organization"}}]},"og:locale":"es_ES","og:site_name":"Diario Santa Cruz - Portal de Noticias de Santa Cruz","og:type":"article","og:title":"Cinco patinadoras de El Calafate participan de la revisi\u00f3n para el Seleccionado Provincial - Diario Santa Cruz","og:description":"Cinco patinadoras de Pat\u00edn Art\u00edstico \u201cLos Glaciares\u201d, participaron este fin de semana de la primera revisi\u00f3n anual para la Selecci\u00f3n Provincial. El mismo se concreto en el Gimnasio Lucho Fernandez de R\u00edo Gallegos. Este fin semana se realizar\u00e1 la primera revisi\u00f3n anual a patinadores de Santa Cruz, para ser parte del Seleccionado Nacional. El Calafate","og:url":"https:\/\/www.diariosantacruz.com.ar\/?p=5523","article:published_time":"2023-03-06T00:38:00+00:00","article:modified_time":"2023-03-06T00:38:03+00:00","article:publisher":"https:\/\/www.facebook.com\/Diario-Santa-Cruz-144392651098710","twitter:card":"summary","twitter:site":"@mayorgaelio","twitter:title":"Cinco patinadoras de El Calafate participan de la revisi\u00f3n para el Seleccionado Provincial - Diario Santa Cruz","twitter:description":"Cinco patinadoras de Pat\u00edn Art\u00edstico \u201cLos Glaciares\u201d, participaron este fin de semana de la primera revisi\u00f3n anual para la Selecci\u00f3n Provincial. El mismo se concreto en el Gimnasio Lucho Fernandez de R\u00edo Gallegos. Este fin semana se realizar\u00e1 la primera revisi\u00f3n anual a patinadores de Santa Cruz, para ser parte del Seleccionado Nacional. El Calafate","twitter:creator":"@mayorgaelio"},"aioseo_meta_data":{"post_id":"5523","title":null,"description":null,"keywords":[],"keyphrases":{"focus":{"keyphrase":"","score":0,"analysis":{"keyphraseInTitle":{"score":0,"maxScore":9,"error":1}}},"additional":[]},"primary_term":null,"canonical_url":null,"og_title":null,"og_description":null,"og_object_type":"default","og_image_type":"default","og_image_url":null,"og_image_width":null,"og_image_height":null,"og_image_custom_url":null,"og_image_custom_fields":null,"og_video":"","og_custom_url":null,"og_article_section":null,"og_article_tags":[],"twitter_use_og":false,"twitter_card":"default","twitter_image_type":"default","twitter_image_url":null,"twitter_image_custom_url":null,"twitter_image_custom_fields":null,"twitter_title":null,"twitter_description":null,"schema":{"blockGraphs":[],"customGraphs":[],"default":{"data":{"Article":[],"Course":[],"Dataset":[],"FAQPage":[],"Movie":[],"Person":[],"Product":[],"ProductReview":[],"Car":[],"Recipe":[],"Service":[],"SoftwareApplication":[],"WebPage":[]},"graphName":"BlogPosting","isEnabled":true},"graphs":[]},"schema_type":"default","schema_type_options":null,"pillar_content":false,"robots_default":true,"robots_noindex":false,"robots_noarchive":false,"robots_nosnippet":false,"robots_nofollow":false,"robots_noimageindex":false,"robots_noodp":false,"robots_notranslate":false,"robots_max_snippet":"-1","robots_max_videopreview":"-1","robots_max_imagepreview":"large","priority":null,"frequency":"default","local_seo":null,"breadcrumb_settings":null,"limit_modified_date":false,"ai":null,"created":"2023-03-06 00:38:03","updated":"2025-06-05 06:24:58","seo_analyzer_scan_date":null},"aioseo_breadcrumb":"<div class=\"aioseo-breadcrumbs\"><span class=\"aioseo-breadcrumb\">\n\t\t\t<a href=\"https:\/\/www.diariosantacruz.com.ar\" title=\"Inicio\">Inicio<\/a>\n\t\t<\/span><span class=\"aioseo-breadcrumb-separator\">&raquo;<\/span><span class=\"aioseo-breadcrumb\">\n\t\t\t<a href=\"https:\/\/www.diariosantacruz.com.ar\/?cat=1\" title=\"politica\">politica<\/a>\n\t\t<\/span><span class=\"aioseo-breadcrumb-separator\">&raquo;<\/span><span class=\"aioseo-breadcrumb\">\n\t\t\tCinco patinadoras de El Calafate participan de la revisi\u00f3n para el Seleccionado Provincial\n\t\t<\/span><\/div>","aioseo_breadcrumb_json":[{"label":"Inicio","link":"https:\/\/www.diariosantacruz.com.ar"},{"label":"politica","link":"https:\/\/www.diariosantacruz.com.ar\/?cat=1"},{"label":"Cinco patinadoras de El Calafate participan de la revisi\u00f3n para el Seleccionado Provincial","link":"https:\/\/www.diariosantacruz.com.ar\/?p=5523"}],"_links":{"self":[{"href":"https:\/\/www.diariosantacruz.com.ar\/index.php?rest_route=\/wp\/v2\/posts\/5523","targetHints":{"allow":["GET"]}}],"collection":[{"href":"https:\/\/www.diariosantacruz.com.ar\/index.php?rest_route=\/wp\/v2\/posts"}],"about":[{"href":"https:\/\/www.diariosantacruz.com.ar\/index.php?rest_route=\/wp\/v2\/types\/post"}],"author":[{"embeddable":true,"href":"https:\/\/www.diariosantacruz.com.ar\/index.php?rest_route=\/wp\/v2\/users\/2"}],"replies":[{"embeddable":true,"href":"https:\/\/www.diariosantacruz.com.ar\/index.php?rest_route=%2Fwp%2Fv2%2Fcomments&post=5523"}],"version-history":[{"count":1,"href":"https:\/\/www.diariosantacruz.com.ar\/index.php?rest_route=\/wp\/v2\/posts\/5523\/revisions"}],"predecessor-version":[{"id":5525,"href":"https:\/\/www.diariosantacruz.com.ar\/index.php?rest_route=\/wp\/v2\/posts\/5523\/revisions\/5525"}],"wp:featuredmedia":[{"embeddable":true,"href":"https:\/\/www.diariosantacruz.com.ar\/index.php?rest_route=\/wp\/v2\/media\/5524"}],"wp:attachment":[{"href":"https:\/\/www.diariosantacruz.com.ar\/index.php?rest_route=%2Fwp%2Fv2%2Fmedia&parent=5523"}],"wp:term":[{"taxonomy":"category","embeddable":true,"href":"https:\/\/www.diariosantacruz.com.ar\/index.php?rest_route=%2Fwp%2Fv2%2Fcategories&post=5523"},{"taxonomy":"post_tag","embeddable":true,"href":"https:\/\/www.diariosantacruz.com.ar\/index.php?rest_route=%2Fwp%2Fv2%2Ftags&post=5523"}],"curies":[{"name":"wp","href":"https:\/\/api.w.org\/{rel}","templated":true}]}}