{"id":5622,"date":"2023-04-04T18:18:15","date_gmt":"2023-04-04T21:18:15","guid":{"rendered":"https:\/\/www.diariosantacruz.com.ar\/?p=5622"},"modified":"2023-04-04T18:18:17","modified_gmt":"2023-04-04T21:18:17","slug":"lago-posadas-trabajadores-de-la-salud-con-medidas-de-fuerza-por-falta-de-pagos","status":"publish","type":"post","link":"https:\/\/www.diariosantacruz.com.ar\/?p=5622","title":{"rendered":"Lago Posadas: Trabajadores de la salud con medidas de fuerza por falta de pagos"},"content":{"rendered":"\n<h2 class=\"wp-block-heading\">El paro de actividades comenz\u00f3 este mediod\u00eda del martes, y es llevada adelante por trabajadores del Puesto Sanitario de Lago Posadas.<\/h2>\n\n\n\n<p class=\"wp-block-paragraph\">Seg\u00fan explicaron a La Prensa de Santa Cruz la medida de acci\u00f3n directa se iniciaron en reclamo de lo adeudado por horas extraordinarias y m\u00f3dulo de traslado, seg\u00fan el convenio colectivo de salud.<\/p>\n\n\n\n<figure class=\"wp-block-image\"><img decoding=\"async\" src=\"https:\/\/laprensadesantacruz.info\/wp-content\/uploads\/2023\/04\/posadas1.jpg\" alt=\"\"\/><\/figure>\n\n\n\n<p class=\"wp-block-paragraph\">5Veces compartido<\/p>\n\n\n\n<p class=\"wp-block-paragraph\"><img decoding=\"async\" alt=\"facebook sharing button\" src=\"https:\/\/platform-cdn.sharethis.com\/img\/facebook.svg\">&nbsp;Compartir<\/p>\n\n\n\n<p class=\"wp-block-paragraph\"><img decoding=\"async\" alt=\"twitter sharing button\" src=\"https:\/\/platform-cdn.sharethis.com\/img\/twitter.svg\">&nbsp;Twittear<\/p>\n\n\n\n<p class=\"wp-block-paragraph\"><img decoding=\"async\" alt=\"whatsapp sharing button\" src=\"https:\/\/platform-cdn.sharethis.com\/img\/whatsapp.svg\">&nbsp;Compartir<\/p>\n\n\n\n<p class=\"wp-block-paragraph\"><img decoding=\"async\" alt=\"sharethis sharing button\" src=\"https:\/\/platform-cdn.sharethis.com\/img\/sharethis.svg\">&nbsp;Compartir<\/p>\n\n\n\n<p class=\"wp-block-paragraph\">El paro de actividades comenz\u00f3 este mediod\u00eda del martes, y es llevada adelante por trabajadores del Puesto Sanitario de Lago Posadas.<\/p>\n\n\n\n<p class=\"wp-block-paragraph\">Seg\u00fan explicaron a La Prensa de Santa Cruz la medida de acci\u00f3n directa se iniciaron en reclamo de lo adeudado por horas extraordinarias y m\u00f3dulo de traslado, seg\u00fan el convenio colectivo de salud.<\/p>\n\n\n\n<figure class=\"wp-block-image\"><a href=\"https:\/\/laprensadesantacruz.info\/wp-content\/uploads\/2023\/04\/posadas.jpg\"><img decoding=\"async\" src=\"https:\/\/laprensadesantacruz.info\/wp-content\/uploads\/2023\/04\/posadas-1024x768.jpg\" alt=\"\" class=\"wp-image-25363\"\/><\/a><\/figure>\n\n\n\n<p class=\"wp-block-paragraph\">Los trabajadores nucleados en ATE, enviaron notificaci\u00f3n de la medida de fuerza al Ministro de Trabajo, Teodoro Lalo Camino, sin que hasta el momento recibieran alg\u00fan tipo de respuesta o contestaci\u00f3n a su reclamo que pone en evidencia los serios problemas de organizaci\u00f3n del sistema de salud de la Provincia, en cuestiones meramente administrativas que dejan a la deriva a trabajadores y por l\u00f3gica consecuencia a la poblaci\u00f3n que necesita de los profesionales,  ante el llamativo silencio de las autoridades del \u00e1rea respectiva. (Fuente: La Prensa de Santa Cruz &#8211; Diario Santa Cruz) <\/p>\n\n\n\n<figure class=\"wp-block-image size-full\"><img loading=\"lazy\" decoding=\"async\" width=\"896\" height=\"672\" src=\"https:\/\/www.diariosantacruz.com.ar\/wp-content\/uploads\/2023\/04\/posadas1.jpg\" alt=\"\" class=\"wp-image-5623\" srcset=\"https:\/\/www.diariosantacruz.com.ar\/wp-content\/uploads\/2023\/04\/posadas1.jpg 896w, https:\/\/www.diariosantacruz.com.ar\/wp-content\/uploads\/2023\/04\/posadas1-300x225.jpg 300w, https:\/\/www.diariosantacruz.com.ar\/wp-content\/uploads\/2023\/04\/posadas1-768x576.jpg 768w, https:\/\/www.diariosantacruz.com.ar\/wp-content\/uploads\/2023\/04\/posadas1-720x540.jpg 720w\" sizes=\"auto, (max-width: 896px) 100vw, 896px\" \/><\/figure>\n","protected":false},"excerpt":{"rendered":"<p>El paro de actividades comenz\u00f3 este mediod\u00eda del martes, y es llevada adelante por trabajadores<\/p>\n","protected":false},"author":2,"featured_media":5623,"comment_status":"open","ping_status":"open","sticky":false,"template":"","format":"standard","meta":{"_monsterinsights_skip_tracking":false,"footnotes":""},"categories":[1],"tags":[791],"class_list":["post-5622","post","type-post","status-publish","format-standard","has-post-thumbnail","hentry","category-politica-3","tag-lago-posadas"],"aioseo_notices":[],"aioseo_head":"\n\t\t<!-- All in One SEO 4.9.8 - aioseo.com -->\n\t<meta name=\"description\" content=\"El paro de actividades comenz\u00f3 este mediod\u00eda del martes, y es llevada adelante por trabajadores del Puesto Sanitario de Lago Posadas. Seg\u00fan explicaron a La Prensa de Santa Cruz la medida de acci\u00f3n directa se iniciaron en reclamo de lo adeudado por horas extraordinarias y m\u00f3dulo de traslado, seg\u00fan el convenio colectivo de salud. 5Veces\" \/>\n\t<meta name=\"robots\" content=\"max-image-preview:large\" \/>\n\t<meta name=\"author\" content=\"corresponsal\"\/>\n\t<link rel=\"canonical\" href=\"https:\/\/www.diariosantacruz.com.ar\/?p=5622\" \/>\n\t<meta name=\"generator\" content=\"All in One SEO (AIOSEO) 4.9.8\" \/>\n\t\t<meta property=\"og:locale\" content=\"es_ES\" \/>\n\t\t<meta property=\"og:site_name\" content=\"Diario Santa Cruz - Portal de Noticias de Santa Cruz\" \/>\n\t\t<meta property=\"og:type\" content=\"article\" \/>\n\t\t<meta property=\"og:title\" content=\"Lago Posadas: Trabajadores de la salud con medidas de fuerza por falta de pagos - Diario Santa Cruz\" \/>\n\t\t<meta property=\"og:description\" content=\"El paro de actividades comenz\u00f3 este mediod\u00eda del martes, y es llevada adelante por trabajadores del Puesto Sanitario de Lago Posadas. Seg\u00fan explicaron a La Prensa de Santa Cruz la medida de acci\u00f3n directa se iniciaron en reclamo de lo adeudado por horas extraordinarias y m\u00f3dulo de traslado, seg\u00fan el convenio colectivo de salud. 5Veces\" \/>\n\t\t<meta property=\"og:url\" content=\"https:\/\/www.diariosantacruz.com.ar\/?p=5622\" \/>\n\t\t<meta property=\"article:published_time\" content=\"2023-04-04T21:18:15+00:00\" \/>\n\t\t<meta property=\"article:modified_time\" content=\"2023-04-04T21:18:17+00:00\" \/>\n\t\t<meta property=\"article:publisher\" content=\"https:\/\/www.facebook.com\/Diario-Santa-Cruz-144392651098710\" \/>\n\t\t<meta name=\"twitter:card\" content=\"summary\" \/>\n\t\t<meta name=\"twitter:site\" content=\"@mayorgaelio\" \/>\n\t\t<meta name=\"twitter:title\" content=\"Lago Posadas: Trabajadores de la salud con medidas de fuerza por falta de pagos - Diario Santa Cruz\" \/>\n\t\t<meta name=\"twitter:description\" content=\"El paro de actividades comenz\u00f3 este mediod\u00eda del martes, y es llevada adelante por trabajadores del Puesto Sanitario de Lago Posadas. Seg\u00fan explicaron a La Prensa de Santa Cruz la medida de acci\u00f3n directa se iniciaron en reclamo de lo adeudado por horas extraordinarias y m\u00f3dulo de traslado, seg\u00fan el convenio colectivo de salud. 5Veces\" \/>\n\t\t<meta name=\"twitter:creator\" content=\"@mayorgaelio\" \/>\n\t\t<script type=\"application\/ld+json\" class=\"aioseo-schema\">\n\t\t\t{\"@context\":\"https:\\\/\\\/schema.org\",\"@graph\":[{\"@type\":\"BlogPosting\",\"@id\":\"https:\\\/\\\/www.diariosantacruz.com.ar\\\/?p=5622#blogposting\",\"name\":\"Lago Posadas: Trabajadores de la salud con medidas de fuerza por falta de pagos - Diario Santa Cruz\",\"headline\":\"Lago Posadas: Trabajadores de la salud con medidas de fuerza por falta de pagos\",\"author\":{\"@id\":\"https:\\\/\\\/www.diariosantacruz.com.ar\\\/?author=2#author\"},\"publisher\":{\"@id\":\"https:\\\/\\\/www.diariosantacruz.com.ar\\\/#organization\"},\"image\":{\"@type\":\"ImageObject\",\"url\":\"https:\\\/\\\/www.diariosantacruz.com.ar\\\/wp-content\\\/uploads\\\/2023\\\/04\\\/posadas1.jpg\",\"width\":896,\"height\":672},\"datePublished\":\"2023-04-04T18:18:15-03:00\",\"dateModified\":\"2023-04-04T18:18:17-03:00\",\"inLanguage\":\"es-ES\",\"mainEntityOfPage\":{\"@id\":\"https:\\\/\\\/www.diariosantacruz.com.ar\\\/?p=5622#webpage\"},\"isPartOf\":{\"@id\":\"https:\\\/\\\/www.diariosantacruz.com.ar\\\/?p=5622#webpage\"},\"articleSection\":\"politica, lago posadas\"},{\"@type\":\"BreadcrumbList\",\"@id\":\"https:\\\/\\\/www.diariosantacruz.com.ar\\\/?p=5622#breadcrumblist\",\"itemListElement\":[{\"@type\":\"ListItem\",\"@id\":\"https:\\\/\\\/www.diariosantacruz.com.ar#listItem\",\"position\":1,\"name\":\"Inicio\",\"item\":\"https:\\\/\\\/www.diariosantacruz.com.ar\",\"nextItem\":{\"@type\":\"ListItem\",\"@id\":\"https:\\\/\\\/www.diariosantacruz.com.ar\\\/?cat=1#listItem\",\"name\":\"politica\"}},{\"@type\":\"ListItem\",\"@id\":\"https:\\\/\\\/www.diariosantacruz.com.ar\\\/?cat=1#listItem\",\"position\":2,\"name\":\"politica\",\"item\":\"https:\\\/\\\/www.diariosantacruz.com.ar\\\/?cat=1\",\"nextItem\":{\"@type\":\"ListItem\",\"@id\":\"https:\\\/\\\/www.diariosantacruz.com.ar\\\/?p=5622#listItem\",\"name\":\"Lago Posadas: Trabajadores de la salud con medidas de fuerza por falta de pagos\"},\"previousItem\":{\"@type\":\"ListItem\",\"@id\":\"https:\\\/\\\/www.diariosantacruz.com.ar#listItem\",\"name\":\"Inicio\"}},{\"@type\":\"ListItem\",\"@id\":\"https:\\\/\\\/www.diariosantacruz.com.ar\\\/?p=5622#listItem\",\"position\":3,\"name\":\"Lago Posadas: Trabajadores de la salud con medidas de fuerza por falta de pagos\",\"previousItem\":{\"@type\":\"ListItem\",\"@id\":\"https:\\\/\\\/www.diariosantacruz.com.ar\\\/?cat=1#listItem\",\"name\":\"politica\"}}]},{\"@type\":\"Organization\",\"@id\":\"https:\\\/\\\/www.diariosantacruz.com.ar\\\/#organization\",\"name\":\"Diario Santa Cruz\",\"description\":\"Portal de Noticias de Santa Cruz\",\"url\":\"https:\\\/\\\/www.diariosantacruz.com.ar\\\/\",\"sameAs\":[\"https:\\\/\\\/www.facebook.com\\\/Diario-Santa-Cruz-144392651098710\",\"https:\\\/\\\/www.twitter.com\\\/@mayorgaelio\",\"https:\\\/\\\/www.instagram.com\\\/diariosantacruz\\\/\"]},{\"@type\":\"Person\",\"@id\":\"https:\\\/\\\/www.diariosantacruz.com.ar\\\/?author=2#author\",\"url\":\"https:\\\/\\\/www.diariosantacruz.com.ar\\\/?author=2\",\"name\":\"corresponsal\",\"image\":{\"@type\":\"ImageObject\",\"@id\":\"https:\\\/\\\/www.diariosantacruz.com.ar\\\/?p=5622#authorImage\",\"url\":\"https:\\\/\\\/secure.gravatar.com\\\/avatar\\\/1a09ae462a829db06a34bd6218429bede00a69f031224cb1dd695e7e1effd620?s=96&d=mm&r=g\",\"width\":96,\"height\":96,\"caption\":\"corresponsal\"}},{\"@type\":\"WebPage\",\"@id\":\"https:\\\/\\\/www.diariosantacruz.com.ar\\\/?p=5622#webpage\",\"url\":\"https:\\\/\\\/www.diariosantacruz.com.ar\\\/?p=5622\",\"name\":\"Lago Posadas: Trabajadores de la salud con medidas de fuerza por falta de pagos - Diario Santa Cruz\",\"description\":\"El paro de actividades comenz\\u00f3 este mediod\\u00eda del martes, y es llevada adelante por trabajadores del Puesto Sanitario de Lago Posadas. Seg\\u00fan explicaron a La Prensa de Santa Cruz la medida de acci\\u00f3n directa se iniciaron en reclamo de lo adeudado por horas extraordinarias y m\\u00f3dulo de traslado, seg\\u00fan el convenio colectivo de salud. 5Veces\",\"inLanguage\":\"es-ES\",\"isPartOf\":{\"@id\":\"https:\\\/\\\/www.diariosantacruz.com.ar\\\/#website\"},\"breadcrumb\":{\"@id\":\"https:\\\/\\\/www.diariosantacruz.com.ar\\\/?p=5622#breadcrumblist\"},\"author\":{\"@id\":\"https:\\\/\\\/www.diariosantacruz.com.ar\\\/?author=2#author\"},\"creator\":{\"@id\":\"https:\\\/\\\/www.diariosantacruz.com.ar\\\/?author=2#author\"},\"image\":{\"@type\":\"ImageObject\",\"url\":\"https:\\\/\\\/www.diariosantacruz.com.ar\\\/wp-content\\\/uploads\\\/2023\\\/04\\\/posadas1.jpg\",\"@id\":\"https:\\\/\\\/www.diariosantacruz.com.ar\\\/?p=5622\\\/#mainImage\",\"width\":896,\"height\":672},\"primaryImageOfPage\":{\"@id\":\"https:\\\/\\\/www.diariosantacruz.com.ar\\\/?p=5622#mainImage\"},\"datePublished\":\"2023-04-04T18:18:15-03:00\",\"dateModified\":\"2023-04-04T18:18:17-03:00\"},{\"@type\":\"WebSite\",\"@id\":\"https:\\\/\\\/www.diariosantacruz.com.ar\\\/#website\",\"url\":\"https:\\\/\\\/www.diariosantacruz.com.ar\\\/\",\"name\":\"Diario Santa Cruz\",\"description\":\"Portal de Noticias de Santa Cruz\",\"inLanguage\":\"es-ES\",\"publisher\":{\"@id\":\"https:\\\/\\\/www.diariosantacruz.com.ar\\\/#organization\"}}]}\n\t\t<\/script>\n\t\t<!-- All in One SEO -->\n\n","aioseo_head_json":{"title":"Lago Posadas: Trabajadores de la salud con medidas de fuerza por falta de pagos - Diario Santa Cruz","description":"El paro de actividades comenz\u00f3 este mediod\u00eda del martes, y es llevada adelante por trabajadores del Puesto Sanitario de Lago Posadas. Seg\u00fan explicaron a La Prensa de Santa Cruz la medida de acci\u00f3n directa se iniciaron en reclamo de lo adeudado por horas extraordinarias y m\u00f3dulo de traslado, seg\u00fan el convenio colectivo de salud. 5Veces","canonical_url":"https:\/\/www.diariosantacruz.com.ar\/?p=5622","robots":"max-image-preview:large","keywords":"","webmasterTools":{"miscellaneous":""},"schema":{"@context":"https:\/\/schema.org","@graph":[{"@type":"BlogPosting","@id":"https:\/\/www.diariosantacruz.com.ar\/?p=5622#blogposting","name":"Lago Posadas: Trabajadores de la salud con medidas de fuerza por falta de pagos - Diario Santa Cruz","headline":"Lago Posadas: Trabajadores de la salud con medidas de fuerza por falta de pagos","author":{"@id":"https:\/\/www.diariosantacruz.com.ar\/?author=2#author"},"publisher":{"@id":"https:\/\/www.diariosantacruz.com.ar\/#organization"},"image":{"@type":"ImageObject","url":"https:\/\/www.diariosantacruz.com.ar\/wp-content\/uploads\/2023\/04\/posadas1.jpg","width":896,"height":672},"datePublished":"2023-04-04T18:18:15-03:00","dateModified":"2023-04-04T18:18:17-03:00","inLanguage":"es-ES","mainEntityOfPage":{"@id":"https:\/\/www.diariosantacruz.com.ar\/?p=5622#webpage"},"isPartOf":{"@id":"https:\/\/www.diariosantacruz.com.ar\/?p=5622#webpage"},"articleSection":"politica, lago posadas"},{"@type":"BreadcrumbList","@id":"https:\/\/www.diariosantacruz.com.ar\/?p=5622#breadcrumblist","itemListElement":[{"@type":"ListItem","@id":"https:\/\/www.diariosantacruz.com.ar#listItem","position":1,"name":"Inicio","item":"https:\/\/www.diariosantacruz.com.ar","nextItem":{"@type":"ListItem","@id":"https:\/\/www.diariosantacruz.com.ar\/?cat=1#listItem","name":"politica"}},{"@type":"ListItem","@id":"https:\/\/www.diariosantacruz.com.ar\/?cat=1#listItem","position":2,"name":"politica","item":"https:\/\/www.diariosantacruz.com.ar\/?cat=1","nextItem":{"@type":"ListItem","@id":"https:\/\/www.diariosantacruz.com.ar\/?p=5622#listItem","name":"Lago Posadas: Trabajadores de la salud con medidas de fuerza por falta de pagos"},"previousItem":{"@type":"ListItem","@id":"https:\/\/www.diariosantacruz.com.ar#listItem","name":"Inicio"}},{"@type":"ListItem","@id":"https:\/\/www.diariosantacruz.com.ar\/?p=5622#listItem","position":3,"name":"Lago Posadas: Trabajadores de la salud con medidas de fuerza por falta de pagos","previousItem":{"@type":"ListItem","@id":"https:\/\/www.diariosantacruz.com.ar\/?cat=1#listItem","name":"politica"}}]},{"@type":"Organization","@id":"https:\/\/www.diariosantacruz.com.ar\/#organization","name":"Diario Santa Cruz","description":"Portal de Noticias de Santa Cruz","url":"https:\/\/www.diariosantacruz.com.ar\/","sameAs":["https:\/\/www.facebook.com\/Diario-Santa-Cruz-144392651098710","https:\/\/www.twitter.com\/@mayorgaelio","https:\/\/www.instagram.com\/diariosantacruz\/"]},{"@type":"Person","@id":"https:\/\/www.diariosantacruz.com.ar\/?author=2#author","url":"https:\/\/www.diariosantacruz.com.ar\/?author=2","name":"corresponsal","image":{"@type":"ImageObject","@id":"https:\/\/www.diariosantacruz.com.ar\/?p=5622#authorImage","url":"https:\/\/secure.gravatar.com\/avatar\/1a09ae462a829db06a34bd6218429bede00a69f031224cb1dd695e7e1effd620?s=96&d=mm&r=g","width":96,"height":96,"caption":"corresponsal"}},{"@type":"WebPage","@id":"https:\/\/www.diariosantacruz.com.ar\/?p=5622#webpage","url":"https:\/\/www.diariosantacruz.com.ar\/?p=5622","name":"Lago Posadas: Trabajadores de la salud con medidas de fuerza por falta de pagos - Diario Santa Cruz","description":"El paro de actividades comenz\u00f3 este mediod\u00eda del martes, y es llevada adelante por trabajadores del Puesto Sanitario de Lago Posadas. Seg\u00fan explicaron a La Prensa de Santa Cruz la medida de acci\u00f3n directa se iniciaron en reclamo de lo adeudado por horas extraordinarias y m\u00f3dulo de traslado, seg\u00fan el convenio colectivo de salud. 5Veces","inLanguage":"es-ES","isPartOf":{"@id":"https:\/\/www.diariosantacruz.com.ar\/#website"},"breadcrumb":{"@id":"https:\/\/www.diariosantacruz.com.ar\/?p=5622#breadcrumblist"},"author":{"@id":"https:\/\/www.diariosantacruz.com.ar\/?author=2#author"},"creator":{"@id":"https:\/\/www.diariosantacruz.com.ar\/?author=2#author"},"image":{"@type":"ImageObject","url":"https:\/\/www.diariosantacruz.com.ar\/wp-content\/uploads\/2023\/04\/posadas1.jpg","@id":"https:\/\/www.diariosantacruz.com.ar\/?p=5622\/#mainImage","width":896,"height":672},"primaryImageOfPage":{"@id":"https:\/\/www.diariosantacruz.com.ar\/?p=5622#mainImage"},"datePublished":"2023-04-04T18:18:15-03:00","dateModified":"2023-04-04T18:18:17-03:00"},{"@type":"WebSite","@id":"https:\/\/www.diariosantacruz.com.ar\/#website","url":"https:\/\/www.diariosantacruz.com.ar\/","name":"Diario Santa Cruz","description":"Portal de Noticias de Santa Cruz","inLanguage":"es-ES","publisher":{"@id":"https:\/\/www.diariosantacruz.com.ar\/#organization"}}]},"og:locale":"es_ES","og:site_name":"Diario Santa Cruz - Portal de Noticias de Santa Cruz","og:type":"article","og:title":"Lago Posadas: Trabajadores de la salud con medidas de fuerza por falta de pagos - Diario Santa Cruz","og:description":"El paro de actividades comenz\u00f3 este mediod\u00eda del martes, y es llevada adelante por trabajadores del Puesto Sanitario de Lago Posadas. Seg\u00fan explicaron a La Prensa de Santa Cruz la medida de acci\u00f3n directa se iniciaron en reclamo de lo adeudado por horas extraordinarias y m\u00f3dulo de traslado, seg\u00fan el convenio colectivo de salud. 5Veces","og:url":"https:\/\/www.diariosantacruz.com.ar\/?p=5622","article:published_time":"2023-04-04T21:18:15+00:00","article:modified_time":"2023-04-04T21:18:17+00:00","article:publisher":"https:\/\/www.facebook.com\/Diario-Santa-Cruz-144392651098710","twitter:card":"summary","twitter:site":"@mayorgaelio","twitter:title":"Lago Posadas: Trabajadores de la salud con medidas de fuerza por falta de pagos - Diario Santa Cruz","twitter:description":"El paro de actividades comenz\u00f3 este mediod\u00eda del martes, y es llevada adelante por trabajadores del Puesto Sanitario de Lago Posadas. Seg\u00fan explicaron a La Prensa de Santa Cruz la medida de acci\u00f3n directa se iniciaron en reclamo de lo adeudado por horas extraordinarias y m\u00f3dulo de traslado, seg\u00fan el convenio colectivo de salud. 5Veces","twitter:creator":"@mayorgaelio"},"aioseo_meta_data":{"post_id":"5622","title":null,"description":null,"keywords":[],"keyphrases":{"focus":{"keyphrase":"","score":0,"analysis":{"keyphraseInTitle":{"score":0,"maxScore":9,"error":1}}},"additional":[]},"primary_term":null,"canonical_url":null,"og_title":null,"og_description":null,"og_object_type":"default","og_image_type":"default","og_image_url":null,"og_image_width":null,"og_image_height":null,"og_image_custom_url":null,"og_image_custom_fields":null,"og_video":"","og_custom_url":null,"og_article_section":null,"og_article_tags":[],"twitter_use_og":false,"twitter_card":"default","twitter_image_type":"default","twitter_image_url":null,"twitter_image_custom_url":null,"twitter_image_custom_fields":null,"twitter_title":null,"twitter_description":null,"schema":{"blockGraphs":[],"customGraphs":[],"default":{"data":{"Article":[],"Course":[],"Dataset":[],"FAQPage":[],"Movie":[],"Person":[],"Product":[],"ProductReview":[],"Car":[],"Recipe":[],"Service":[],"SoftwareApplication":[],"WebPage":[]},"graphName":"BlogPosting","isEnabled":true},"graphs":[]},"schema_type":"default","schema_type_options":null,"pillar_content":false,"robots_default":true,"robots_noindex":false,"robots_noarchive":false,"robots_nosnippet":false,"robots_nofollow":false,"robots_noimageindex":false,"robots_noodp":false,"robots_notranslate":false,"robots_max_snippet":"-1","robots_max_videopreview":"-1","robots_max_imagepreview":"large","priority":null,"frequency":"default","local_seo":null,"breadcrumb_settings":null,"limit_modified_date":false,"ai":null,"created":"2023-04-04 21:18:18","updated":"2025-06-05 06:36:42","seo_analyzer_scan_date":null},"aioseo_breadcrumb":"<div class=\"aioseo-breadcrumbs\"><span class=\"aioseo-breadcrumb\">\n\t\t\t<a href=\"https:\/\/www.diariosantacruz.com.ar\" title=\"Inicio\">Inicio<\/a>\n\t\t<\/span><span class=\"aioseo-breadcrumb-separator\">&raquo;<\/span><span class=\"aioseo-breadcrumb\">\n\t\t\t<a href=\"https:\/\/www.diariosantacruz.com.ar\/?cat=1\" title=\"politica\">politica<\/a>\n\t\t<\/span><span class=\"aioseo-breadcrumb-separator\">&raquo;<\/span><span class=\"aioseo-breadcrumb\">\n\t\t\tLago Posadas: Trabajadores de la salud con medidas de fuerza por falta de pagos\n\t\t<\/span><\/div>","aioseo_breadcrumb_json":[{"label":"Inicio","link":"https:\/\/www.diariosantacruz.com.ar"},{"label":"politica","link":"https:\/\/www.diariosantacruz.com.ar\/?cat=1"},{"label":"Lago Posadas: Trabajadores de la salud con medidas de fuerza por falta de pagos","link":"https:\/\/www.diariosantacruz.com.ar\/?p=5622"}],"_links":{"self":[{"href":"https:\/\/www.diariosantacruz.com.ar\/index.php?rest_route=\/wp\/v2\/posts\/5622","targetHints":{"allow":["GET"]}}],"collection":[{"href":"https:\/\/www.diariosantacruz.com.ar\/index.php?rest_route=\/wp\/v2\/posts"}],"about":[{"href":"https:\/\/www.diariosantacruz.com.ar\/index.php?rest_route=\/wp\/v2\/types\/post"}],"author":[{"embeddable":true,"href":"https:\/\/www.diariosantacruz.com.ar\/index.php?rest_route=\/wp\/v2\/users\/2"}],"replies":[{"embeddable":true,"href":"https:\/\/www.diariosantacruz.com.ar\/index.php?rest_route=%2Fwp%2Fv2%2Fcomments&post=5622"}],"version-history":[{"count":1,"href":"https:\/\/www.diariosantacruz.com.ar\/index.php?rest_route=\/wp\/v2\/posts\/5622\/revisions"}],"predecessor-version":[{"id":5624,"href":"https:\/\/www.diariosantacruz.com.ar\/index.php?rest_route=\/wp\/v2\/posts\/5622\/revisions\/5624"}],"wp:featuredmedia":[{"embeddable":true,"href":"https:\/\/www.diariosantacruz.com.ar\/index.php?rest_route=\/wp\/v2\/media\/5623"}],"wp:attachment":[{"href":"https:\/\/www.diariosantacruz.com.ar\/index.php?rest_route=%2Fwp%2Fv2%2Fmedia&parent=5622"}],"wp:term":[{"taxonomy":"category","embeddable":true,"href":"https:\/\/www.diariosantacruz.com.ar\/index.php?rest_route=%2Fwp%2Fv2%2Fcategories&post=5622"},{"taxonomy":"post_tag","embeddable":true,"href":"https:\/\/www.diariosantacruz.com.ar\/index.php?rest_route=%2Fwp%2Fv2%2Ftags&post=5622"}],"curies":[{"name":"wp","href":"https:\/\/api.w.org\/{rel}","templated":true}]}}