{"id":5625,"date":"2023-04-04T18:29:24","date_gmt":"2023-04-04T21:29:24","guid":{"rendered":"https:\/\/www.diariosantacruz.com.ar\/?p=5625"},"modified":"2023-04-04T18:29:25","modified_gmt":"2023-04-04T21:29:25","slug":"puerto-deseado-mario-markicclaudio-vidal-es-un-hombre-fuerte-con-predicamentos-y-trabaja-mucho","status":"publish","type":"post","link":"https:\/\/www.diariosantacruz.com.ar\/?p=5625","title":{"rendered":"Puerto Deseado: Mario Markic:\u201cClaudio Vidal es un hombre fuerte, con predicamentos y trabaja mucho\u00bb"},"content":{"rendered":"\n<h2 class=\"wp-block-heading\">El reconocido periodista visit\u00f3 este lunes Puerto Deseado y en una rueda de prensa sostuvo que en la mesa de los l\u00edderes que integran Cambiemos Santa Cruz, formar una alianza con Claudio Vidal, referente de SER Santa Cruz, siempre estuvo presente. Adem\u00e1s elogi\u00f3 al diputado nacional.<\/h2>\n\n\n\n<p class=\"wp-block-paragraph\">Markic, reconoci\u00f3 que siempre le interes\u00f3 la pol\u00edtica. \u201cLa pol\u00edtica me interes\u00f3 siempre y a Santa Cruz siempre la tuve presente, porque cada vez que volv\u00eda a la provincia trabajando o para visitar a mis familiares, ya la ve\u00eda entrando en una pendiente de decadencia\u201d.<\/p>\n\n\n\n<p class=\"wp-block-paragraph\">En este sentido, no adelant\u00f3 si ser\u00e1 candidato a gobernador, aunque consider\u00f3 que \u201chay que ver tambi\u00e9n primero cu\u00e1ndo son las elecciones, las Paso, qu\u00e9 pasa con octubre si se adelantan si, se desdoblan?&nbsp; Es decir el oficialismo ha sido muy reticente&nbsp; en el cronograma de tal modo que por ahora no te puedo decir, pero si existe la posibilidad yo no tengo ning\u00fan tipo de problema en participar en el lugar que se me asigne , y si soy precandidato o candidato ? Bueno bienvenido sea\u201d.<\/p>\n\n\n\n<p class=\"wp-block-paragraph\">De este modo se\u00f1al\u00f3 que \u201clo que si se es que vamos a ganar las elecciones porque se que hay una mayor\u00eda silenciosa que no puede expresarse por temor o por represalias o est\u00e1 la cuesti\u00f3n de empleo de por medio y eso es totalmente comprensible y yo lo tomo como tal. Va a ser un camino del convencimiento de la gente, va a ser duro\u201d, dijo.<\/p>\n\n\n\n<p class=\"wp-block-paragraph\">Al referirse a Claudio Vidal, y a una posible alianza con SER Santa Cruz consider\u00f3 que \u201ces un tema recurrente. Cuando estuvimos en la mesa de los l\u00edderes, que me invitaron para ir como invitado especial donde se juntaron los partidos que integran Cambiemos Santa Cruz y s,i el tema de Claudio Vidal estuvo presente\u201d.<\/p>\n\n\n\n<p class=\"wp-block-paragraph\">Adem\u00e1s sostuvo que \u201cno tengo plenos conocimientos de Claudio Vidal, por lo que se, es un hombre muy fuerte, que tiene muchos predicamentos\u00a0 y trabaja mucho\u201d.<\/p>\n\n\n\n<figure class=\"wp-block-image size-full\"><img loading=\"lazy\" decoding=\"async\" width=\"768\" height=\"337\" src=\"https:\/\/www.diariosantacruz.com.ar\/wp-content\/uploads\/2023\/04\/markic-1536x674-1.jpg\" alt=\"\" class=\"wp-image-5626\" srcset=\"https:\/\/www.diariosantacruz.com.ar\/wp-content\/uploads\/2023\/04\/markic-1536x674-1.jpg 768w, https:\/\/www.diariosantacruz.com.ar\/wp-content\/uploads\/2023\/04\/markic-1536x674-1-300x132.jpg 300w\" sizes=\"auto, (max-width: 768px) 100vw, 768px\" \/><\/figure>\n","protected":false},"excerpt":{"rendered":"<p>El reconocido periodista visit\u00f3 este lunes Puerto Deseado y en una rueda de prensa sostuvo<\/p>\n","protected":false},"author":2,"featured_media":5626,"comment_status":"open","ping_status":"open","sticky":false,"template":"","format":"standard","meta":{"_monsterinsights_skip_tracking":false,"footnotes":""},"categories":[1],"tags":[792],"class_list":["post-5625","post","type-post","status-publish","format-standard","has-post-thumbnail","hentry","category-politica-3","tag-mario-markic"],"aioseo_notices":[],"aioseo_head":"\n\t\t<!-- All in One SEO 4.9.8 - aioseo.com -->\n\t<meta name=\"description\" content=\"El reconocido periodista visit\u00f3 este lunes Puerto Deseado y en una rueda de prensa sostuvo que en la mesa de los l\u00edderes que integran Cambiemos Santa Cruz, formar una alianza con Claudio Vidal, referente de SER Santa Cruz, siempre estuvo presente. Adem\u00e1s elogi\u00f3 al diputado nacional. Markic, reconoci\u00f3 que siempre le interes\u00f3 la pol\u00edtica. \u201cLa\" \/>\n\t<meta name=\"robots\" content=\"max-image-preview:large\" \/>\n\t<meta name=\"author\" content=\"corresponsal\"\/>\n\t<link rel=\"canonical\" href=\"https:\/\/www.diariosantacruz.com.ar\/?p=5625\" \/>\n\t<meta name=\"generator\" content=\"All in One SEO (AIOSEO) 4.9.8\" \/>\n\t\t<meta property=\"og:locale\" content=\"es_ES\" \/>\n\t\t<meta property=\"og:site_name\" content=\"Diario Santa Cruz - Portal de Noticias de Santa Cruz\" \/>\n\t\t<meta property=\"og:type\" content=\"article\" \/>\n\t\t<meta property=\"og:title\" content=\"Puerto Deseado: Mario Markic:\u201cClaudio Vidal es un hombre fuerte, con predicamentos y trabaja mucho\u00bb - Diario Santa Cruz\" \/>\n\t\t<meta property=\"og:description\" content=\"El reconocido periodista visit\u00f3 este lunes Puerto Deseado y en una rueda de prensa sostuvo que en la mesa de los l\u00edderes que integran Cambiemos Santa Cruz, formar una alianza con Claudio Vidal, referente de SER Santa Cruz, siempre estuvo presente. Adem\u00e1s elogi\u00f3 al diputado nacional. Markic, reconoci\u00f3 que siempre le interes\u00f3 la pol\u00edtica. \u201cLa\" \/>\n\t\t<meta property=\"og:url\" content=\"https:\/\/www.diariosantacruz.com.ar\/?p=5625\" \/>\n\t\t<meta property=\"article:published_time\" content=\"2023-04-04T21:29:24+00:00\" \/>\n\t\t<meta property=\"article:modified_time\" content=\"2023-04-04T21:29:25+00:00\" \/>\n\t\t<meta property=\"article:publisher\" content=\"https:\/\/www.facebook.com\/Diario-Santa-Cruz-144392651098710\" \/>\n\t\t<meta name=\"twitter:card\" content=\"summary\" \/>\n\t\t<meta name=\"twitter:site\" content=\"@mayorgaelio\" \/>\n\t\t<meta name=\"twitter:title\" content=\"Puerto Deseado: Mario Markic:\u201cClaudio Vidal es un hombre fuerte, con predicamentos y trabaja mucho\u00bb - Diario Santa Cruz\" \/>\n\t\t<meta name=\"twitter:description\" content=\"El reconocido periodista visit\u00f3 este lunes Puerto Deseado y en una rueda de prensa sostuvo que en la mesa de los l\u00edderes que integran Cambiemos Santa Cruz, formar una alianza con Claudio Vidal, referente de SER Santa Cruz, siempre estuvo presente. Adem\u00e1s elogi\u00f3 al diputado nacional. Markic, reconoci\u00f3 que siempre le interes\u00f3 la pol\u00edtica. \u201cLa\" \/>\n\t\t<meta name=\"twitter:creator\" content=\"@mayorgaelio\" \/>\n\t\t<script type=\"application\/ld+json\" class=\"aioseo-schema\">\n\t\t\t{\"@context\":\"https:\\\/\\\/schema.org\",\"@graph\":[{\"@type\":\"BlogPosting\",\"@id\":\"https:\\\/\\\/www.diariosantacruz.com.ar\\\/?p=5625#blogposting\",\"name\":\"Puerto Deseado: Mario Markic:\\u201cClaudio Vidal es un hombre fuerte, con predicamentos y trabaja mucho\\u00bb - Diario Santa Cruz\",\"headline\":\"Puerto Deseado: Mario Markic:\\u201cClaudio Vidal es un hombre fuerte, con predicamentos y trabaja mucho\\u00bb\",\"author\":{\"@id\":\"https:\\\/\\\/www.diariosantacruz.com.ar\\\/?author=2#author\"},\"publisher\":{\"@id\":\"https:\\\/\\\/www.diariosantacruz.com.ar\\\/#organization\"},\"image\":{\"@type\":\"ImageObject\",\"url\":\"https:\\\/\\\/www.diariosantacruz.com.ar\\\/wp-content\\\/uploads\\\/2023\\\/04\\\/markic-1536x674-1.jpg\",\"width\":768,\"height\":337},\"datePublished\":\"2023-04-04T18:29:24-03:00\",\"dateModified\":\"2023-04-04T18:29:25-03:00\",\"inLanguage\":\"es-ES\",\"mainEntityOfPage\":{\"@id\":\"https:\\\/\\\/www.diariosantacruz.com.ar\\\/?p=5625#webpage\"},\"isPartOf\":{\"@id\":\"https:\\\/\\\/www.diariosantacruz.com.ar\\\/?p=5625#webpage\"},\"articleSection\":\"politica, Mario Markic\"},{\"@type\":\"BreadcrumbList\",\"@id\":\"https:\\\/\\\/www.diariosantacruz.com.ar\\\/?p=5625#breadcrumblist\",\"itemListElement\":[{\"@type\":\"ListItem\",\"@id\":\"https:\\\/\\\/www.diariosantacruz.com.ar#listItem\",\"position\":1,\"name\":\"Inicio\",\"item\":\"https:\\\/\\\/www.diariosantacruz.com.ar\",\"nextItem\":{\"@type\":\"ListItem\",\"@id\":\"https:\\\/\\\/www.diariosantacruz.com.ar\\\/?cat=1#listItem\",\"name\":\"politica\"}},{\"@type\":\"ListItem\",\"@id\":\"https:\\\/\\\/www.diariosantacruz.com.ar\\\/?cat=1#listItem\",\"position\":2,\"name\":\"politica\",\"item\":\"https:\\\/\\\/www.diariosantacruz.com.ar\\\/?cat=1\",\"nextItem\":{\"@type\":\"ListItem\",\"@id\":\"https:\\\/\\\/www.diariosantacruz.com.ar\\\/?p=5625#listItem\",\"name\":\"Puerto Deseado: Mario Markic:\\u201cClaudio Vidal es un hombre fuerte, con predicamentos y trabaja mucho\\u00bb\"},\"previousItem\":{\"@type\":\"ListItem\",\"@id\":\"https:\\\/\\\/www.diariosantacruz.com.ar#listItem\",\"name\":\"Inicio\"}},{\"@type\":\"ListItem\",\"@id\":\"https:\\\/\\\/www.diariosantacruz.com.ar\\\/?p=5625#listItem\",\"position\":3,\"name\":\"Puerto Deseado: Mario Markic:\\u201cClaudio Vidal es un hombre fuerte, con predicamentos y trabaja mucho\\u00bb\",\"previousItem\":{\"@type\":\"ListItem\",\"@id\":\"https:\\\/\\\/www.diariosantacruz.com.ar\\\/?cat=1#listItem\",\"name\":\"politica\"}}]},{\"@type\":\"Organization\",\"@id\":\"https:\\\/\\\/www.diariosantacruz.com.ar\\\/#organization\",\"name\":\"Diario Santa Cruz\",\"description\":\"Portal de Noticias de Santa Cruz\",\"url\":\"https:\\\/\\\/www.diariosantacruz.com.ar\\\/\",\"sameAs\":[\"https:\\\/\\\/www.facebook.com\\\/Diario-Santa-Cruz-144392651098710\",\"https:\\\/\\\/www.twitter.com\\\/@mayorgaelio\",\"https:\\\/\\\/www.instagram.com\\\/diariosantacruz\\\/\"]},{\"@type\":\"Person\",\"@id\":\"https:\\\/\\\/www.diariosantacruz.com.ar\\\/?author=2#author\",\"url\":\"https:\\\/\\\/www.diariosantacruz.com.ar\\\/?author=2\",\"name\":\"corresponsal\",\"image\":{\"@type\":\"ImageObject\",\"@id\":\"https:\\\/\\\/www.diariosantacruz.com.ar\\\/?p=5625#authorImage\",\"url\":\"https:\\\/\\\/secure.gravatar.com\\\/avatar\\\/1a09ae462a829db06a34bd6218429bede00a69f031224cb1dd695e7e1effd620?s=96&d=mm&r=g\",\"width\":96,\"height\":96,\"caption\":\"corresponsal\"}},{\"@type\":\"WebPage\",\"@id\":\"https:\\\/\\\/www.diariosantacruz.com.ar\\\/?p=5625#webpage\",\"url\":\"https:\\\/\\\/www.diariosantacruz.com.ar\\\/?p=5625\",\"name\":\"Puerto Deseado: Mario Markic:\\u201cClaudio Vidal es un hombre fuerte, con predicamentos y trabaja mucho\\u00bb - Diario Santa Cruz\",\"description\":\"El reconocido periodista visit\\u00f3 este lunes Puerto Deseado y en una rueda de prensa sostuvo que en la mesa de los l\\u00edderes que integran Cambiemos Santa Cruz, formar una alianza con Claudio Vidal, referente de SER Santa Cruz, siempre estuvo presente. Adem\\u00e1s elogi\\u00f3 al diputado nacional. Markic, reconoci\\u00f3 que siempre le interes\\u00f3 la pol\\u00edtica. \\u201cLa\",\"inLanguage\":\"es-ES\",\"isPartOf\":{\"@id\":\"https:\\\/\\\/www.diariosantacruz.com.ar\\\/#website\"},\"breadcrumb\":{\"@id\":\"https:\\\/\\\/www.diariosantacruz.com.ar\\\/?p=5625#breadcrumblist\"},\"author\":{\"@id\":\"https:\\\/\\\/www.diariosantacruz.com.ar\\\/?author=2#author\"},\"creator\":{\"@id\":\"https:\\\/\\\/www.diariosantacruz.com.ar\\\/?author=2#author\"},\"image\":{\"@type\":\"ImageObject\",\"url\":\"https:\\\/\\\/www.diariosantacruz.com.ar\\\/wp-content\\\/uploads\\\/2023\\\/04\\\/markic-1536x674-1.jpg\",\"@id\":\"https:\\\/\\\/www.diariosantacruz.com.ar\\\/?p=5625\\\/#mainImage\",\"width\":768,\"height\":337},\"primaryImageOfPage\":{\"@id\":\"https:\\\/\\\/www.diariosantacruz.com.ar\\\/?p=5625#mainImage\"},\"datePublished\":\"2023-04-04T18:29:24-03:00\",\"dateModified\":\"2023-04-04T18:29:25-03:00\"},{\"@type\":\"WebSite\",\"@id\":\"https:\\\/\\\/www.diariosantacruz.com.ar\\\/#website\",\"url\":\"https:\\\/\\\/www.diariosantacruz.com.ar\\\/\",\"name\":\"Diario Santa Cruz\",\"description\":\"Portal de Noticias de Santa Cruz\",\"inLanguage\":\"es-ES\",\"publisher\":{\"@id\":\"https:\\\/\\\/www.diariosantacruz.com.ar\\\/#organization\"}}]}\n\t\t<\/script>\n\t\t<!-- All in One SEO -->\n\n","aioseo_head_json":{"title":"Puerto Deseado: Mario Markic:\u201cClaudio Vidal es un hombre fuerte, con predicamentos y trabaja mucho\u00bb - Diario Santa Cruz","description":"El reconocido periodista visit\u00f3 este lunes Puerto Deseado y en una rueda de prensa sostuvo que en la mesa de los l\u00edderes que integran Cambiemos Santa Cruz, formar una alianza con Claudio Vidal, referente de SER Santa Cruz, siempre estuvo presente. Adem\u00e1s elogi\u00f3 al diputado nacional. Markic, reconoci\u00f3 que siempre le interes\u00f3 la pol\u00edtica. \u201cLa","canonical_url":"https:\/\/www.diariosantacruz.com.ar\/?p=5625","robots":"max-image-preview:large","keywords":"","webmasterTools":{"miscellaneous":""},"schema":{"@context":"https:\/\/schema.org","@graph":[{"@type":"BlogPosting","@id":"https:\/\/www.diariosantacruz.com.ar\/?p=5625#blogposting","name":"Puerto Deseado: Mario Markic:\u201cClaudio Vidal es un hombre fuerte, con predicamentos y trabaja mucho\u00bb - Diario Santa Cruz","headline":"Puerto Deseado: Mario Markic:\u201cClaudio Vidal es un hombre fuerte, con predicamentos y trabaja mucho\u00bb","author":{"@id":"https:\/\/www.diariosantacruz.com.ar\/?author=2#author"},"publisher":{"@id":"https:\/\/www.diariosantacruz.com.ar\/#organization"},"image":{"@type":"ImageObject","url":"https:\/\/www.diariosantacruz.com.ar\/wp-content\/uploads\/2023\/04\/markic-1536x674-1.jpg","width":768,"height":337},"datePublished":"2023-04-04T18:29:24-03:00","dateModified":"2023-04-04T18:29:25-03:00","inLanguage":"es-ES","mainEntityOfPage":{"@id":"https:\/\/www.diariosantacruz.com.ar\/?p=5625#webpage"},"isPartOf":{"@id":"https:\/\/www.diariosantacruz.com.ar\/?p=5625#webpage"},"articleSection":"politica, Mario Markic"},{"@type":"BreadcrumbList","@id":"https:\/\/www.diariosantacruz.com.ar\/?p=5625#breadcrumblist","itemListElement":[{"@type":"ListItem","@id":"https:\/\/www.diariosantacruz.com.ar#listItem","position":1,"name":"Inicio","item":"https:\/\/www.diariosantacruz.com.ar","nextItem":{"@type":"ListItem","@id":"https:\/\/www.diariosantacruz.com.ar\/?cat=1#listItem","name":"politica"}},{"@type":"ListItem","@id":"https:\/\/www.diariosantacruz.com.ar\/?cat=1#listItem","position":2,"name":"politica","item":"https:\/\/www.diariosantacruz.com.ar\/?cat=1","nextItem":{"@type":"ListItem","@id":"https:\/\/www.diariosantacruz.com.ar\/?p=5625#listItem","name":"Puerto Deseado: Mario Markic:\u201cClaudio Vidal es un hombre fuerte, con predicamentos y trabaja mucho\u00bb"},"previousItem":{"@type":"ListItem","@id":"https:\/\/www.diariosantacruz.com.ar#listItem","name":"Inicio"}},{"@type":"ListItem","@id":"https:\/\/www.diariosantacruz.com.ar\/?p=5625#listItem","position":3,"name":"Puerto Deseado: Mario Markic:\u201cClaudio Vidal es un hombre fuerte, con predicamentos y trabaja mucho\u00bb","previousItem":{"@type":"ListItem","@id":"https:\/\/www.diariosantacruz.com.ar\/?cat=1#listItem","name":"politica"}}]},{"@type":"Organization","@id":"https:\/\/www.diariosantacruz.com.ar\/#organization","name":"Diario Santa Cruz","description":"Portal de Noticias de Santa Cruz","url":"https:\/\/www.diariosantacruz.com.ar\/","sameAs":["https:\/\/www.facebook.com\/Diario-Santa-Cruz-144392651098710","https:\/\/www.twitter.com\/@mayorgaelio","https:\/\/www.instagram.com\/diariosantacruz\/"]},{"@type":"Person","@id":"https:\/\/www.diariosantacruz.com.ar\/?author=2#author","url":"https:\/\/www.diariosantacruz.com.ar\/?author=2","name":"corresponsal","image":{"@type":"ImageObject","@id":"https:\/\/www.diariosantacruz.com.ar\/?p=5625#authorImage","url":"https:\/\/secure.gravatar.com\/avatar\/1a09ae462a829db06a34bd6218429bede00a69f031224cb1dd695e7e1effd620?s=96&d=mm&r=g","width":96,"height":96,"caption":"corresponsal"}},{"@type":"WebPage","@id":"https:\/\/www.diariosantacruz.com.ar\/?p=5625#webpage","url":"https:\/\/www.diariosantacruz.com.ar\/?p=5625","name":"Puerto Deseado: Mario Markic:\u201cClaudio Vidal es un hombre fuerte, con predicamentos y trabaja mucho\u00bb - Diario Santa Cruz","description":"El reconocido periodista visit\u00f3 este lunes Puerto Deseado y en una rueda de prensa sostuvo que en la mesa de los l\u00edderes que integran Cambiemos Santa Cruz, formar una alianza con Claudio Vidal, referente de SER Santa Cruz, siempre estuvo presente. Adem\u00e1s elogi\u00f3 al diputado nacional. Markic, reconoci\u00f3 que siempre le interes\u00f3 la pol\u00edtica. \u201cLa","inLanguage":"es-ES","isPartOf":{"@id":"https:\/\/www.diariosantacruz.com.ar\/#website"},"breadcrumb":{"@id":"https:\/\/www.diariosantacruz.com.ar\/?p=5625#breadcrumblist"},"author":{"@id":"https:\/\/www.diariosantacruz.com.ar\/?author=2#author"},"creator":{"@id":"https:\/\/www.diariosantacruz.com.ar\/?author=2#author"},"image":{"@type":"ImageObject","url":"https:\/\/www.diariosantacruz.com.ar\/wp-content\/uploads\/2023\/04\/markic-1536x674-1.jpg","@id":"https:\/\/www.diariosantacruz.com.ar\/?p=5625\/#mainImage","width":768,"height":337},"primaryImageOfPage":{"@id":"https:\/\/www.diariosantacruz.com.ar\/?p=5625#mainImage"},"datePublished":"2023-04-04T18:29:24-03:00","dateModified":"2023-04-04T18:29:25-03:00"},{"@type":"WebSite","@id":"https:\/\/www.diariosantacruz.com.ar\/#website","url":"https:\/\/www.diariosantacruz.com.ar\/","name":"Diario Santa Cruz","description":"Portal de Noticias de Santa Cruz","inLanguage":"es-ES","publisher":{"@id":"https:\/\/www.diariosantacruz.com.ar\/#organization"}}]},"og:locale":"es_ES","og:site_name":"Diario Santa Cruz - Portal de Noticias de Santa Cruz","og:type":"article","og:title":"Puerto Deseado: Mario Markic:\u201cClaudio Vidal es un hombre fuerte, con predicamentos y trabaja mucho\u00bb - Diario Santa Cruz","og:description":"El reconocido periodista visit\u00f3 este lunes Puerto Deseado y en una rueda de prensa sostuvo que en la mesa de los l\u00edderes que integran Cambiemos Santa Cruz, formar una alianza con Claudio Vidal, referente de SER Santa Cruz, siempre estuvo presente. Adem\u00e1s elogi\u00f3 al diputado nacional. Markic, reconoci\u00f3 que siempre le interes\u00f3 la pol\u00edtica. \u201cLa","og:url":"https:\/\/www.diariosantacruz.com.ar\/?p=5625","article:published_time":"2023-04-04T21:29:24+00:00","article:modified_time":"2023-04-04T21:29:25+00:00","article:publisher":"https:\/\/www.facebook.com\/Diario-Santa-Cruz-144392651098710","twitter:card":"summary","twitter:site":"@mayorgaelio","twitter:title":"Puerto Deseado: Mario Markic:\u201cClaudio Vidal es un hombre fuerte, con predicamentos y trabaja mucho\u00bb - Diario Santa Cruz","twitter:description":"El reconocido periodista visit\u00f3 este lunes Puerto Deseado y en una rueda de prensa sostuvo que en la mesa de los l\u00edderes que integran Cambiemos Santa Cruz, formar una alianza con Claudio Vidal, referente de SER Santa Cruz, siempre estuvo presente. Adem\u00e1s elogi\u00f3 al diputado nacional. Markic, reconoci\u00f3 que siempre le interes\u00f3 la pol\u00edtica. \u201cLa","twitter:creator":"@mayorgaelio"},"aioseo_meta_data":{"post_id":"5625","title":null,"description":null,"keywords":[],"keyphrases":{"focus":{"keyphrase":"","score":0,"analysis":{"keyphraseInTitle":{"score":0,"maxScore":9,"error":1}}},"additional":[]},"primary_term":null,"canonical_url":null,"og_title":null,"og_description":null,"og_object_type":"default","og_image_type":"default","og_image_url":null,"og_image_width":null,"og_image_height":null,"og_image_custom_url":null,"og_image_custom_fields":null,"og_video":"","og_custom_url":null,"og_article_section":null,"og_article_tags":[],"twitter_use_og":false,"twitter_card":"default","twitter_image_type":"default","twitter_image_url":null,"twitter_image_custom_url":null,"twitter_image_custom_fields":null,"twitter_title":null,"twitter_description":null,"schema":{"blockGraphs":[],"customGraphs":[],"default":{"data":{"Article":[],"Course":[],"Dataset":[],"FAQPage":[],"Movie":[],"Person":[],"Product":[],"ProductReview":[],"Car":[],"Recipe":[],"Service":[],"SoftwareApplication":[],"WebPage":[]},"graphName":"BlogPosting","isEnabled":true},"graphs":[]},"schema_type":"default","schema_type_options":null,"pillar_content":false,"robots_default":true,"robots_noindex":false,"robots_noarchive":false,"robots_nosnippet":false,"robots_nofollow":false,"robots_noimageindex":false,"robots_noodp":false,"robots_notranslate":false,"robots_max_snippet":"-1","robots_max_videopreview":"-1","robots_max_imagepreview":"large","priority":null,"frequency":"default","local_seo":null,"breadcrumb_settings":null,"limit_modified_date":false,"ai":null,"created":"2023-04-04 21:29:25","updated":"2025-06-05 06:36:42","seo_analyzer_scan_date":null},"aioseo_breadcrumb":"<div class=\"aioseo-breadcrumbs\"><span class=\"aioseo-breadcrumb\">\n\t\t\t<a href=\"https:\/\/www.diariosantacruz.com.ar\" title=\"Inicio\">Inicio<\/a>\n\t\t<\/span><span class=\"aioseo-breadcrumb-separator\">&raquo;<\/span><span class=\"aioseo-breadcrumb\">\n\t\t\t<a href=\"https:\/\/www.diariosantacruz.com.ar\/?cat=1\" title=\"politica\">politica<\/a>\n\t\t<\/span><span class=\"aioseo-breadcrumb-separator\">&raquo;<\/span><span class=\"aioseo-breadcrumb\">\n\t\t\tPuerto Deseado: Mario Markic:\u201cClaudio Vidal es un hombre fuerte, con predicamentos y trabaja mucho\u00bb\n\t\t<\/span><\/div>","aioseo_breadcrumb_json":[{"label":"Inicio","link":"https:\/\/www.diariosantacruz.com.ar"},{"label":"politica","link":"https:\/\/www.diariosantacruz.com.ar\/?cat=1"},{"label":"Puerto Deseado: Mario Markic:\u201cClaudio Vidal es un hombre fuerte, con predicamentos y trabaja mucho\u00bb","link":"https:\/\/www.diariosantacruz.com.ar\/?p=5625"}],"_links":{"self":[{"href":"https:\/\/www.diariosantacruz.com.ar\/index.php?rest_route=\/wp\/v2\/posts\/5625","targetHints":{"allow":["GET"]}}],"collection":[{"href":"https:\/\/www.diariosantacruz.com.ar\/index.php?rest_route=\/wp\/v2\/posts"}],"about":[{"href":"https:\/\/www.diariosantacruz.com.ar\/index.php?rest_route=\/wp\/v2\/types\/post"}],"author":[{"embeddable":true,"href":"https:\/\/www.diariosantacruz.com.ar\/index.php?rest_route=\/wp\/v2\/users\/2"}],"replies":[{"embeddable":true,"href":"https:\/\/www.diariosantacruz.com.ar\/index.php?rest_route=%2Fwp%2Fv2%2Fcomments&post=5625"}],"version-history":[{"count":1,"href":"https:\/\/www.diariosantacruz.com.ar\/index.php?rest_route=\/wp\/v2\/posts\/5625\/revisions"}],"predecessor-version":[{"id":5627,"href":"https:\/\/www.diariosantacruz.com.ar\/index.php?rest_route=\/wp\/v2\/posts\/5625\/revisions\/5627"}],"wp:featuredmedia":[{"embeddable":true,"href":"https:\/\/www.diariosantacruz.com.ar\/index.php?rest_route=\/wp\/v2\/media\/5626"}],"wp:attachment":[{"href":"https:\/\/www.diariosantacruz.com.ar\/index.php?rest_route=%2Fwp%2Fv2%2Fmedia&parent=5625"}],"wp:term":[{"taxonomy":"category","embeddable":true,"href":"https:\/\/www.diariosantacruz.com.ar\/index.php?rest_route=%2Fwp%2Fv2%2Fcategories&post=5625"},{"taxonomy":"post_tag","embeddable":true,"href":"https:\/\/www.diariosantacruz.com.ar\/index.php?rest_route=%2Fwp%2Fv2%2Ftags&post=5625"}],"curies":[{"name":"wp","href":"https:\/\/api.w.org\/{rel}","templated":true}]}}